{"id":24751,"date":"2025-11-07T08:24:46","date_gmt":"2025-11-07T07:24:46","guid":{"rendered":"https:\/\/interiumpro.cz\/uncategorized\/mountain-studio-apartment-design\/"},"modified":"2025-11-07T08:39:58","modified_gmt":"2025-11-07T07:39:58","slug":"mountain-studio-apartment-design","status":"publish","type":"post","link":"https:\/\/interiumpro.cz\/en\/interior-design-of-apartments-and-houses\/mountain-studio-apartment-design\/","title":{"rendered":"Interior design of a mountain apartment 1+room"},"content":{"rendered":"\t\t<div data-elementor-type=\"wp-post\" data-elementor-id=\"24751\" class=\"elementor elementor-24751 elementor-21536\" data-elementor-post-type=\"post\">\n\t\t\t\t\t\t<section class=\"elementor-section elementor-top-section elementor-element elementor-element-4148ba49 elementor-section-stretched elementor-reverse-mobile elementor-section-boxed elementor-section-height-default elementor-section-height-default\" data-id=\"4148ba49\" data-element_type=\"section\" data-e-type=\"section\" data-settings=\"{&quot;stretch_section&quot;:&quot;section-stretched&quot;}\">\n\t\t\t\t\t\t<div class=\"elementor-container elementor-column-gap-wide\">\n\t\t\t\t\t<div class=\"elementor-column elementor-col-100 elementor-top-column elementor-element elementor-element-1bbb4625\" data-id=\"1bbb4625\" data-element_type=\"column\" data-e-type=\"column\">\n\t\t\t<div class=\"elementor-widget-wrap elementor-element-populated\">\n\t\t\t\t\t\t<div class=\"elementor-element elementor-element-2bab306 elementor-widget elementor-widget-breadcrumbs\" data-id=\"2bab306\" data-element_type=\"widget\" data-e-type=\"widget\" data-widget_type=\"breadcrumbs.default\">\n\t\t\t\t<div class=\"elementor-widget-container\">\n\t\t\t\t\t<div id=\"breadcrumbs\"><span><span><a href=\"https:\/\/interiumpro.cz\/en\/\">Dom\u016f<\/a><\/span><\/span><\/div>\t\t\t\t<\/div>\n\t\t\t\t<\/div>\n\t\t\t\t\t<\/div>\n\t\t<\/div>\n\t\t\t\t\t<\/div>\n\t\t<\/section>\n\t\t\t\t<section class=\"elementor-section elementor-top-section elementor-element elementor-element-233b8895 elementor-section-stretched elementor-section-boxed elementor-section-height-default elementor-section-height-default\" data-id=\"233b8895\" data-element_type=\"section\" data-e-type=\"section\" data-settings=\"{&quot;stretch_section&quot;:&quot;section-stretched&quot;}\">\n\t\t\t\t\t\t\t<div class=\"elementor-background-overlay\"><\/div>\n\t\t\t\t\t\t\t<div class=\"elementor-container elementor-column-gap-default\">\n\t\t\t\t\t<div class=\"elementor-column elementor-col-100 elementor-top-column elementor-element elementor-element-26859554\" data-id=\"26859554\" data-element_type=\"column\" data-e-type=\"column\">\n\t\t\t<div class=\"elementor-widget-wrap elementor-element-populated\">\n\t\t\t\t\t\t<div class=\"elementor-element elementor-element-38951d2f elementor-widget elementor-widget-heading\" data-id=\"38951d2f\" data-element_type=\"widget\" data-e-type=\"widget\" data-widget_type=\"heading.default\">\n\t\t\t\t<div class=\"elementor-widget-container\">\n\t\t\t\t\t<h1 class=\"elementor-heading-title elementor-size-default\">Interior design of a mountain apartment 1+room<\/h1>\t\t\t\t<\/div>\n\t\t\t\t<\/div>\n\t\t\t\t\t<\/div>\n\t\t<\/div>\n\t\t\t\t\t<\/div>\n\t\t<\/section>\n\t\t\t\t<section class=\"elementor-section elementor-top-section elementor-element elementor-element-1c75d3cc elementor-section-stretched elementor-section-boxed elementor-section-height-default elementor-section-height-default\" data-id=\"1c75d3cc\" data-element_type=\"section\" data-e-type=\"section\" data-settings=\"{&quot;stretch_section&quot;:&quot;section-stretched&quot;}\">\n\t\t\t\t\t\t<div class=\"elementor-container elementor-column-gap-wide\">\n\t\t\t\t\t<div class=\"elementor-column elementor-col-66 elementor-top-column elementor-element elementor-element-72982149\" data-id=\"72982149\" data-element_type=\"column\" data-e-type=\"column\">\n\t\t\t<div class=\"elementor-widget-wrap elementor-element-populated\">\n\t\t\t\t\t\t<div class=\"elementor-element elementor-element-7b96e8d1 elementor-widget elementor-widget-heading\" data-id=\"7b96e8d1\" data-element_type=\"widget\" data-e-type=\"widget\" data-widget_type=\"heading.default\">\n\t\t\t\t<div class=\"elementor-widget-container\">\n\t\t\t\t\t<h2 class=\"elementor-heading-title elementor-size-default\">Design of living room with kitchenette  <\/h2>\t\t\t\t<\/div>\n\t\t\t\t<\/div>\n\t\t\t\t<div class=\"elementor-element elementor-element-480cadac elementor-widget elementor-widget-image\" data-id=\"480cadac\" data-element_type=\"widget\" data-e-type=\"widget\" data-widget_type=\"image.default\">\n\t\t\t\t<div class=\"elementor-widget-container\">\n\t\t\t\t\t\t\t\t\t\t\t\t\t\t\t\t<a href=\"https:\/\/interiumpro.cz\/wp-content\/uploads\/2025\/02\/navrh-horskeho-apartnama-2.jpg\" data-elementor-open-lightbox=\"yes\" data-e-action-hash=\"#elementor-action%3Aaction%3Dlightbox%26settings%3DeyJpZCI6MjE1NTIsInVybCI6Imh0dHBzOlwvXC9pbnRlcml1bXByby5jelwvd3AtY29udGVudFwvdXBsb2Fkc1wvMjAyNVwvMDJcL25hdnJoLWhvcnNrZWhvLWFwYXJ0bmFtYS0yLmpwZyJ9\">\n\t\t\t\t\t\t\t<img fetchpriority=\"high\" decoding=\"async\" width=\"1000\" height=\"750\" src=\"https:\/\/interiumpro.cz\/wp-content\/uploads\/2025\/02\/navrh-horskeho-apartnama-2.jpg\" class=\"attachment-full size-full wp-image-21552\" alt=\"1 bedroom apartment proposal\" srcset=\"https:\/\/interiumpro.cz\/wp-content\/uploads\/2025\/02\/navrh-horskeho-apartnama-2.jpg 1000w, https:\/\/interiumpro.cz\/wp-content\/uploads\/2025\/02\/navrh-horskeho-apartnama-2-300x225.jpg 300w, https:\/\/interiumpro.cz\/wp-content\/uploads\/2025\/02\/navrh-horskeho-apartnama-2-768x576.jpg 768w\" sizes=\"(max-width: 1000px) 100vw, 1000px\" \/>\t\t\t\t\t\t\t\t<\/a>\n\t\t\t\t\t\t\t\t\t\t\t\t\t\t\t<\/div>\n\t\t\t\t<\/div>\n\t\t\t\t<div class=\"elementor-element elementor-element-55bac0f elementor-widget elementor-widget-image\" data-id=\"55bac0f\" data-element_type=\"widget\" data-e-type=\"widget\" data-widget_type=\"image.default\">\n\t\t\t\t<div class=\"elementor-widget-container\">\n\t\t\t\t\t\t\t\t\t\t\t\t\t\t\t\t<a href=\"https:\/\/interiumpro.cz\/wp-content\/uploads\/2025\/02\/navrh-horskeho-apartnama-1.jpg\" data-elementor-open-lightbox=\"yes\" data-e-action-hash=\"#elementor-action%3Aaction%3Dlightbox%26settings%3DeyJpZCI6MjE1NDksInVybCI6Imh0dHBzOlwvXC9pbnRlcml1bXByby5jelwvd3AtY29udGVudFwvdXBsb2Fkc1wvMjAyNVwvMDJcL25hdnJoLWhvcnNrZWhvLWFwYXJ0bmFtYS0xLmpwZyJ9\">\n\t\t\t\t\t\t\t<img decoding=\"async\" width=\"1000\" height=\"750\" src=\"https:\/\/interiumpro.cz\/wp-content\/uploads\/2025\/02\/navrh-horskeho-apartnama-1.jpg\" class=\"attachment-full size-full wp-image-21549\" alt=\"1 bedroom apartment proposal\" srcset=\"https:\/\/interiumpro.cz\/wp-content\/uploads\/2025\/02\/navrh-horskeho-apartnama-1.jpg 1000w, https:\/\/interiumpro.cz\/wp-content\/uploads\/2025\/02\/navrh-horskeho-apartnama-1-300x225.jpg 300w, https:\/\/interiumpro.cz\/wp-content\/uploads\/2025\/02\/navrh-horskeho-apartnama-1-768x576.jpg 768w\" sizes=\"(max-width: 1000px) 100vw, 1000px\" \/>\t\t\t\t\t\t\t\t<\/a>\n\t\t\t\t\t\t\t\t\t\t\t\t\t\t\t<\/div>\n\t\t\t\t<\/div>\n\t\t\t\t<div class=\"elementor-element elementor-element-178593a4 elementor-widget elementor-widget-image\" data-id=\"178593a4\" data-element_type=\"widget\" data-e-type=\"widget\" data-widget_type=\"image.default\">\n\t\t\t\t<div class=\"elementor-widget-container\">\n\t\t\t\t\t\t\t\t\t\t\t\t\t\t\t\t<a href=\"https:\/\/interiumpro.cz\/wp-content\/uploads\/2025\/02\/navrh-horskeho-apartnama-5.jpg\" data-elementor-open-lightbox=\"yes\" data-e-action-hash=\"#elementor-action%3Aaction%3Dlightbox%26settings%3DeyJpZCI6MjE1NjEsInVybCI6Imh0dHBzOlwvXC9pbnRlcml1bXByby5jelwvd3AtY29udGVudFwvdXBsb2Fkc1wvMjAyNVwvMDJcL25hdnJoLWhvcnNrZWhvLWFwYXJ0bmFtYS01LmpwZyJ9\">\n\t\t\t\t\t\t\t<img decoding=\"async\" width=\"1000\" height=\"750\" src=\"https:\/\/interiumpro.cz\/wp-content\/uploads\/2025\/02\/navrh-horskeho-apartnama-5.jpg\" class=\"attachment-full size-full wp-image-21561\" alt=\"1 bedroom apartment proposal\" srcset=\"https:\/\/interiumpro.cz\/wp-content\/uploads\/2025\/02\/navrh-horskeho-apartnama-5.jpg 1000w, https:\/\/interiumpro.cz\/wp-content\/uploads\/2025\/02\/navrh-horskeho-apartnama-5-300x225.jpg 300w, https:\/\/interiumpro.cz\/wp-content\/uploads\/2025\/02\/navrh-horskeho-apartnama-5-768x576.jpg 768w\" sizes=\"(max-width: 1000px) 100vw, 1000px\" \/>\t\t\t\t\t\t\t\t<\/a>\n\t\t\t\t\t\t\t\t\t\t\t\t\t\t\t<\/div>\n\t\t\t\t<\/div>\n\t\t\t\t<div class=\"elementor-element elementor-element-3d98a194 elementor-widget elementor-widget-image\" data-id=\"3d98a194\" data-element_type=\"widget\" data-e-type=\"widget\" data-widget_type=\"image.default\">\n\t\t\t\t<div class=\"elementor-widget-container\">\n\t\t\t\t\t\t\t\t\t\t\t\t\t\t\t\t<a href=\"https:\/\/interiumpro.cz\/wp-content\/uploads\/2025\/02\/navrh-horskeho-apartnama-7.jpg\" data-elementor-open-lightbox=\"yes\" data-e-action-hash=\"#elementor-action%3Aaction%3Dlightbox%26settings%3DeyJpZCI6MjE1NjcsInVybCI6Imh0dHBzOlwvXC9pbnRlcml1bXByby5jelwvd3AtY29udGVudFwvdXBsb2Fkc1wvMjAyNVwvMDJcL25hdnJoLWhvcnNrZWhvLWFwYXJ0bmFtYS03LmpwZyJ9\">\n\t\t\t\t\t\t\t<img loading=\"lazy\" decoding=\"async\" width=\"1000\" height=\"750\" src=\"https:\/\/interiumpro.cz\/wp-content\/uploads\/2025\/02\/navrh-horskeho-apartnama-7.jpg\" class=\"attachment-full size-full wp-image-21567\" alt=\"1 bedroom apartment proposal\" srcset=\"https:\/\/interiumpro.cz\/wp-content\/uploads\/2025\/02\/navrh-horskeho-apartnama-7.jpg 1000w, https:\/\/interiumpro.cz\/wp-content\/uploads\/2025\/02\/navrh-horskeho-apartnama-7-300x225.jpg 300w, https:\/\/interiumpro.cz\/wp-content\/uploads\/2025\/02\/navrh-horskeho-apartnama-7-768x576.jpg 768w\" sizes=\"(max-width: 1000px) 100vw, 1000px\" \/>\t\t\t\t\t\t\t\t<\/a>\n\t\t\t\t\t\t\t\t\t\t\t\t\t\t\t<\/div>\n\t\t\t\t<\/div>\n\t\t\t\t<div class=\"elementor-element elementor-element-2d223d61 elementor-widget elementor-widget-image\" data-id=\"2d223d61\" data-element_type=\"widget\" data-e-type=\"widget\" data-widget_type=\"image.default\">\n\t\t\t\t<div class=\"elementor-widget-container\">\n\t\t\t\t\t\t\t\t\t\t\t\t<figure class=\"wp-caption\">\n\t\t\t\t\t\t\t\t\t\t\t<a href=\"https:\/\/interiumpro.cz\/wp-content\/uploads\/2025\/02\/navrh-horskeho-apartnama-6.jpg\" data-elementor-open-lightbox=\"yes\" data-e-action-hash=\"#elementor-action%3Aaction%3Dlightbox%26settings%3DeyJpZCI6MjE1NjQsInVybCI6Imh0dHBzOlwvXC9pbnRlcml1bXByby5jelwvd3AtY29udGVudFwvdXBsb2Fkc1wvMjAyNVwvMDJcL25hdnJoLWhvcnNrZWhvLWFwYXJ0bmFtYS02LmpwZyJ9\">\n\t\t\t\t\t\t\t<img loading=\"lazy\" decoding=\"async\" width=\"1000\" height=\"750\" src=\"https:\/\/interiumpro.cz\/wp-content\/uploads\/2025\/02\/navrh-horskeho-apartnama-6.jpg\" class=\"attachment-full size-full wp-image-21564\" alt=\"1 bedroom apartment proposal\" srcset=\"https:\/\/interiumpro.cz\/wp-content\/uploads\/2025\/02\/navrh-horskeho-apartnama-6.jpg 1000w, https:\/\/interiumpro.cz\/wp-content\/uploads\/2025\/02\/navrh-horskeho-apartnama-6-300x225.jpg 300w, https:\/\/interiumpro.cz\/wp-content\/uploads\/2025\/02\/navrh-horskeho-apartnama-6-768x576.jpg 768w\" sizes=\"(max-width: 1000px) 100vw, 1000px\" \/>\t\t\t\t\t\t\t\t<\/a>\n\t\t\t\t\t\t\t\t\t\t\t<figcaption class=\"widget-image-caption wp-caption-text\"><\/figcaption>\n\t\t\t\t\t\t\t\t\t\t<\/figure>\n\t\t\t\t\t\t\t\t\t<\/div>\n\t\t\t\t<\/div>\n\t\t\t\t<div class=\"elementor-element elementor-element-bb4501f elementor-widget elementor-widget-image\" data-id=\"bb4501f\" data-element_type=\"widget\" data-e-type=\"widget\" data-widget_type=\"image.default\">\n\t\t\t\t<div class=\"elementor-widget-container\">\n\t\t\t\t\t\t\t\t\t\t\t\t<figure class=\"wp-caption\">\n\t\t\t\t\t\t\t\t\t\t\t<a href=\"https:\/\/interiumpro.cz\/wp-content\/uploads\/2025\/02\/navrh-horskeho-apartnama-4.jpg\" data-elementor-open-lightbox=\"yes\" data-e-action-hash=\"#elementor-action%3Aaction%3Dlightbox%26settings%3DeyJpZCI6MjE1NTgsInVybCI6Imh0dHBzOlwvXC9pbnRlcml1bXByby5jelwvd3AtY29udGVudFwvdXBsb2Fkc1wvMjAyNVwvMDJcL25hdnJoLWhvcnNrZWhvLWFwYXJ0bmFtYS00LmpwZyJ9\">\n\t\t\t\t\t\t\t<img loading=\"lazy\" decoding=\"async\" width=\"1000\" height=\"750\" src=\"https:\/\/interiumpro.cz\/wp-content\/uploads\/2025\/02\/navrh-horskeho-apartnama-4.jpg\" class=\"attachment-full size-full wp-image-21558\" alt=\"1 bedroom apartment proposal\" srcset=\"https:\/\/interiumpro.cz\/wp-content\/uploads\/2025\/02\/navrh-horskeho-apartnama-4.jpg 1000w, https:\/\/interiumpro.cz\/wp-content\/uploads\/2025\/02\/navrh-horskeho-apartnama-4-300x225.jpg 300w, https:\/\/interiumpro.cz\/wp-content\/uploads\/2025\/02\/navrh-horskeho-apartnama-4-768x576.jpg 768w\" sizes=\"(max-width: 1000px) 100vw, 1000px\" \/>\t\t\t\t\t\t\t\t<\/a>\n\t\t\t\t\t\t\t\t\t\t\t<figcaption class=\"widget-image-caption wp-caption-text\"><\/figcaption>\n\t\t\t\t\t\t\t\t\t\t<\/figure>\n\t\t\t\t\t\t\t\t\t<\/div>\n\t\t\t\t<\/div>\n\t\t\t\t<div class=\"elementor-element elementor-element-d49ce3f elementor-widget elementor-widget-image\" data-id=\"d49ce3f\" data-element_type=\"widget\" data-e-type=\"widget\" data-widget_type=\"image.default\">\n\t\t\t\t<div class=\"elementor-widget-container\">\n\t\t\t\t\t\t\t\t\t\t\t\t<figure class=\"wp-caption\">\n\t\t\t\t\t\t\t\t\t\t\t<a href=\"https:\/\/interiumpro.cz\/wp-content\/uploads\/2025\/02\/navrh-horskeho-apartnama-3.jpg\" data-elementor-open-lightbox=\"yes\" data-e-action-hash=\"#elementor-action%3Aaction%3Dlightbox%26settings%3DeyJpZCI6MjE1NTUsInVybCI6Imh0dHBzOlwvXC9pbnRlcml1bXByby5jelwvd3AtY29udGVudFwvdXBsb2Fkc1wvMjAyNVwvMDJcL25hdnJoLWhvcnNrZWhvLWFwYXJ0bmFtYS0zLmpwZyJ9\">\n\t\t\t\t\t\t\t<img loading=\"lazy\" decoding=\"async\" width=\"1000\" height=\"750\" src=\"https:\/\/interiumpro.cz\/wp-content\/uploads\/2025\/02\/navrh-horskeho-apartnama-3.jpg\" class=\"attachment-full size-full wp-image-21555\" alt=\"1 bedroom apartment proposal\" srcset=\"https:\/\/interiumpro.cz\/wp-content\/uploads\/2025\/02\/navrh-horskeho-apartnama-3.jpg 1000w, https:\/\/interiumpro.cz\/wp-content\/uploads\/2025\/02\/navrh-horskeho-apartnama-3-300x225.jpg 300w, https:\/\/interiumpro.cz\/wp-content\/uploads\/2025\/02\/navrh-horskeho-apartnama-3-768x576.jpg 768w\" sizes=\"(max-width: 1000px) 100vw, 1000px\" \/>\t\t\t\t\t\t\t\t<\/a>\n\t\t\t\t\t\t\t\t\t\t\t<figcaption class=\"widget-image-caption wp-caption-text\"><\/figcaption>\n\t\t\t\t\t\t\t\t\t\t<\/figure>\n\t\t\t\t\t\t\t\t\t<\/div>\n\t\t\t\t<\/div>\n\t\t\t\t<div class=\"elementor-element elementor-element-91b3da9 elementor-widget elementor-widget-heading\" data-id=\"91b3da9\" data-element_type=\"widget\" data-e-type=\"widget\" data-widget_type=\"heading.default\">\n\t\t\t\t<div class=\"elementor-widget-container\">\n\t\t\t\t\t<h2 class=\"elementor-heading-title elementor-size-default\">Design of the hallway <\/h2>\t\t\t\t<\/div>\n\t\t\t\t<\/div>\n\t\t\t\t<div class=\"elementor-element elementor-element-c207d2c elementor-widget elementor-widget-image\" data-id=\"c207d2c\" data-element_type=\"widget\" data-e-type=\"widget\" data-widget_type=\"image.default\">\n\t\t\t\t<div class=\"elementor-widget-container\">\n\t\t\t\t\t\t\t\t\t\t\t\t<figure class=\"wp-caption\">\n\t\t\t\t\t\t\t\t\t\t\t<a href=\"https:\/\/interiumpro.cz\/wp-content\/uploads\/2025\/02\/Navrh-horskeho-apartmana-1-2.jpg\" data-elementor-open-lightbox=\"yes\" data-e-action-hash=\"#elementor-action%3Aaction%3Dlightbox%26settings%3DeyJpZCI6MjE1NDYsInVybCI6Imh0dHBzOlwvXC9pbnRlcml1bXByby5jelwvd3AtY29udGVudFwvdXBsb2Fkc1wvMjAyNVwvMDJcL05hdnJoLWhvcnNrZWhvLWFwYXJ0bWFuYS0xLTIuanBnIn0%3D\">\n\t\t\t\t\t\t\t<img loading=\"lazy\" decoding=\"async\" width=\"1000\" height=\"750\" src=\"https:\/\/interiumpro.cz\/wp-content\/uploads\/2025\/02\/Navrh-horskeho-apartmana-1-2.jpg\" class=\"attachment-full size-full wp-image-21546\" alt=\"1 bedroom apartment proposal\" srcset=\"https:\/\/interiumpro.cz\/wp-content\/uploads\/2025\/02\/Navrh-horskeho-apartmana-1-2.jpg 1000w, https:\/\/interiumpro.cz\/wp-content\/uploads\/2025\/02\/Navrh-horskeho-apartmana-1-2-300x225.jpg 300w, https:\/\/interiumpro.cz\/wp-content\/uploads\/2025\/02\/Navrh-horskeho-apartmana-1-2-768x576.jpg 768w\" sizes=\"(max-width: 1000px) 100vw, 1000px\" \/>\t\t\t\t\t\t\t\t<\/a>\n\t\t\t\t\t\t\t\t\t\t\t<figcaption class=\"widget-image-caption wp-caption-text\"><\/figcaption>\n\t\t\t\t\t\t\t\t\t\t<\/figure>\n\t\t\t\t\t\t\t\t\t<\/div>\n\t\t\t\t<\/div>\n\t\t\t\t<div class=\"elementor-element elementor-element-06805dc elementor-widget elementor-widget-image\" data-id=\"06805dc\" data-element_type=\"widget\" data-e-type=\"widget\" data-widget_type=\"image.default\">\n\t\t\t\t<div class=\"elementor-widget-container\">\n\t\t\t\t\t\t\t\t\t\t\t\t<figure class=\"wp-caption\">\n\t\t\t\t\t\t\t\t\t\t\t<a href=\"https:\/\/interiumpro.cz\/wp-content\/uploads\/2025\/02\/Navrh-horskeho-apartmana-1-1.jpg\" data-elementor-open-lightbox=\"yes\" data-e-action-hash=\"#elementor-action%3Aaction%3Dlightbox%26settings%3DeyJpZCI6MjE1NDMsInVybCI6Imh0dHBzOlwvXC9pbnRlcml1bXByby5jelwvd3AtY29udGVudFwvdXBsb2Fkc1wvMjAyNVwvMDJcL05hdnJoLWhvcnNrZWhvLWFwYXJ0bWFuYS0xLTEuanBnIn0%3D\">\n\t\t\t\t\t\t\t<img loading=\"lazy\" decoding=\"async\" width=\"1000\" height=\"750\" src=\"https:\/\/interiumpro.cz\/wp-content\/uploads\/2025\/02\/Navrh-horskeho-apartmana-1-1.jpg\" class=\"attachment-full size-full wp-image-21543\" alt=\"1 bedroom apartment proposal\" srcset=\"https:\/\/interiumpro.cz\/wp-content\/uploads\/2025\/02\/Navrh-horskeho-apartmana-1-1.jpg 1000w, https:\/\/interiumpro.cz\/wp-content\/uploads\/2025\/02\/Navrh-horskeho-apartmana-1-1-300x225.jpg 300w, https:\/\/interiumpro.cz\/wp-content\/uploads\/2025\/02\/Navrh-horskeho-apartmana-1-1-768x576.jpg 768w\" sizes=\"(max-width: 1000px) 100vw, 1000px\" \/>\t\t\t\t\t\t\t\t<\/a>\n\t\t\t\t\t\t\t\t\t\t\t<figcaption class=\"widget-image-caption wp-caption-text\"><\/figcaption>\n\t\t\t\t\t\t\t\t\t\t<\/figure>\n\t\t\t\t\t\t\t\t\t<\/div>\n\t\t\t\t<\/div>\n\t\t\t\t<div class=\"elementor-element elementor-element-982ccd3 elementor-widget elementor-widget-heading\" data-id=\"982ccd3\" data-element_type=\"widget\" data-e-type=\"widget\" data-widget_type=\"heading.default\">\n\t\t\t\t<div class=\"elementor-widget-container\">\n\t\t\t\t\t<h2 class=\"elementor-heading-title elementor-size-default\">Bathroom design<\/h2>\t\t\t\t<\/div>\n\t\t\t\t<\/div>\n\t\t\t\t<div class=\"elementor-element elementor-element-a9e51de elementor-widget elementor-widget-image\" data-id=\"a9e51de\" data-element_type=\"widget\" data-e-type=\"widget\" data-widget_type=\"image.default\">\n\t\t\t\t<div class=\"elementor-widget-container\">\n\t\t\t\t\t\t\t\t\t\t\t\t<figure class=\"wp-caption\">\n\t\t\t\t\t\t\t\t\t\t\t<a href=\"https:\/\/interiumpro.cz\/wp-content\/uploads\/2025\/02\/navrh-koupelny-mramor-1.jpg\" data-elementor-open-lightbox=\"yes\" data-e-action-hash=\"#elementor-action%3Aaction%3Dlightbox%26settings%3DeyJpZCI6MjE1NzAsInVybCI6Imh0dHBzOlwvXC9pbnRlcml1bXByby5jelwvd3AtY29udGVudFwvdXBsb2Fkc1wvMjAyNVwvMDJcL25hdnJoLWtvdXBlbG55LW1yYW1vci0xLmpwZyJ9\">\n\t\t\t\t\t\t\t<img loading=\"lazy\" decoding=\"async\" width=\"1000\" height=\"750\" src=\"https:\/\/interiumpro.cz\/wp-content\/uploads\/2025\/02\/navrh-koupelny-mramor-1.jpg\" class=\"attachment-full size-full wp-image-21570\" alt=\"bathroom design\" srcset=\"https:\/\/interiumpro.cz\/wp-content\/uploads\/2025\/02\/navrh-koupelny-mramor-1.jpg 1000w, https:\/\/interiumpro.cz\/wp-content\/uploads\/2025\/02\/navrh-koupelny-mramor-1-300x225.jpg 300w, https:\/\/interiumpro.cz\/wp-content\/uploads\/2025\/02\/navrh-koupelny-mramor-1-768x576.jpg 768w\" sizes=\"(max-width: 1000px) 100vw, 1000px\" \/>\t\t\t\t\t\t\t\t<\/a>\n\t\t\t\t\t\t\t\t\t\t\t<figcaption class=\"widget-image-caption wp-caption-text\"><\/figcaption>\n\t\t\t\t\t\t\t\t\t\t<\/figure>\n\t\t\t\t\t\t\t\t\t<\/div>\n\t\t\t\t<\/div>\n\t\t\t\t<div class=\"elementor-element elementor-element-8388907 elementor-widget elementor-widget-image\" data-id=\"8388907\" data-element_type=\"widget\" data-e-type=\"widget\" data-widget_type=\"image.default\">\n\t\t\t\t<div class=\"elementor-widget-container\">\n\t\t\t\t\t\t\t\t\t\t\t\t<figure class=\"wp-caption\">\n\t\t\t\t\t\t\t\t\t\t\t<a href=\"https:\/\/interiumpro.cz\/wp-content\/uploads\/2025\/02\/navrh-koupelny-mramor-2.jpg\" data-elementor-open-lightbox=\"yes\" data-e-action-hash=\"#elementor-action%3Aaction%3Dlightbox%26settings%3DeyJpZCI6MjE1NzMsInVybCI6Imh0dHBzOlwvXC9pbnRlcml1bXByby5jelwvd3AtY29udGVudFwvdXBsb2Fkc1wvMjAyNVwvMDJcL25hdnJoLWtvdXBlbG55LW1yYW1vci0yLmpwZyJ9\">\n\t\t\t\t\t\t\t<img loading=\"lazy\" decoding=\"async\" width=\"1000\" height=\"750\" src=\"https:\/\/interiumpro.cz\/wp-content\/uploads\/2025\/02\/navrh-koupelny-mramor-2.jpg\" class=\"attachment-full size-full wp-image-21573\" alt=\"bathroom design\" srcset=\"https:\/\/interiumpro.cz\/wp-content\/uploads\/2025\/02\/navrh-koupelny-mramor-2.jpg 1000w, https:\/\/interiumpro.cz\/wp-content\/uploads\/2025\/02\/navrh-koupelny-mramor-2-300x225.jpg 300w, https:\/\/interiumpro.cz\/wp-content\/uploads\/2025\/02\/navrh-koupelny-mramor-2-768x576.jpg 768w\" sizes=\"(max-width: 1000px) 100vw, 1000px\" \/>\t\t\t\t\t\t\t\t<\/a>\n\t\t\t\t\t\t\t\t\t\t\t<figcaption class=\"widget-image-caption wp-caption-text\"><\/figcaption>\n\t\t\t\t\t\t\t\t\t\t<\/figure>\n\t\t\t\t\t\t\t\t\t<\/div>\n\t\t\t\t<\/div>\n\t\t\t\t<div class=\"elementor-element elementor-element-5f86e47 elementor-widget elementor-widget-image\" data-id=\"5f86e47\" data-element_type=\"widget\" data-e-type=\"widget\" data-widget_type=\"image.default\">\n\t\t\t\t<div class=\"elementor-widget-container\">\n\t\t\t\t\t\t\t\t\t\t\t\t<figure class=\"wp-caption\">\n\t\t\t\t\t\t\t\t\t\t\t<a href=\"https:\/\/interiumpro.cz\/wp-content\/uploads\/2025\/02\/navrh-koupelny-mramor-4.jpg\" data-elementor-open-lightbox=\"yes\" data-e-action-hash=\"#elementor-action%3Aaction%3Dlightbox%26settings%3DeyJpZCI6MjE1NzksInVybCI6Imh0dHBzOlwvXC9pbnRlcml1bXByby5jelwvd3AtY29udGVudFwvdXBsb2Fkc1wvMjAyNVwvMDJcL25hdnJoLWtvdXBlbG55LW1yYW1vci00LmpwZyJ9\">\n\t\t\t\t\t\t\t<img loading=\"lazy\" decoding=\"async\" width=\"1000\" height=\"750\" src=\"https:\/\/interiumpro.cz\/wp-content\/uploads\/2025\/02\/navrh-koupelny-mramor-4.jpg\" class=\"attachment-full size-full wp-image-21579\" alt=\"bathroom design\" srcset=\"https:\/\/interiumpro.cz\/wp-content\/uploads\/2025\/02\/navrh-koupelny-mramor-4.jpg 1000w, https:\/\/interiumpro.cz\/wp-content\/uploads\/2025\/02\/navrh-koupelny-mramor-4-300x225.jpg 300w, https:\/\/interiumpro.cz\/wp-content\/uploads\/2025\/02\/navrh-koupelny-mramor-4-768x576.jpg 768w\" sizes=\"(max-width: 1000px) 100vw, 1000px\" \/>\t\t\t\t\t\t\t\t<\/a>\n\t\t\t\t\t\t\t\t\t\t\t<figcaption class=\"widget-image-caption wp-caption-text\"><\/figcaption>\n\t\t\t\t\t\t\t\t\t\t<\/figure>\n\t\t\t\t\t\t\t\t\t<\/div>\n\t\t\t\t<\/div>\n\t\t\t\t<div class=\"elementor-element elementor-element-8428ceb elementor-widget elementor-widget-image\" data-id=\"8428ceb\" data-element_type=\"widget\" data-e-type=\"widget\" data-widget_type=\"image.default\">\n\t\t\t\t<div class=\"elementor-widget-container\">\n\t\t\t\t\t\t\t\t\t\t\t\t<figure class=\"wp-caption\">\n\t\t\t\t\t\t\t\t\t\t\t<a href=\"https:\/\/interiumpro.cz\/wp-content\/uploads\/2025\/02\/navrh-koupelny-mramor-5.jpg\" data-elementor-open-lightbox=\"yes\" data-e-action-hash=\"#elementor-action%3Aaction%3Dlightbox%26settings%3DeyJpZCI6MjE1ODIsInVybCI6Imh0dHBzOlwvXC9pbnRlcml1bXByby5jelwvd3AtY29udGVudFwvdXBsb2Fkc1wvMjAyNVwvMDJcL25hdnJoLWtvdXBlbG55LW1yYW1vci01LmpwZyJ9\">\n\t\t\t\t\t\t\t<img loading=\"lazy\" decoding=\"async\" width=\"1000\" height=\"750\" src=\"https:\/\/interiumpro.cz\/wp-content\/uploads\/2025\/02\/navrh-koupelny-mramor-5.jpg\" class=\"attachment-full size-full wp-image-21582\" alt=\"bathroom design\" srcset=\"https:\/\/interiumpro.cz\/wp-content\/uploads\/2025\/02\/navrh-koupelny-mramor-5.jpg 1000w, https:\/\/interiumpro.cz\/wp-content\/uploads\/2025\/02\/navrh-koupelny-mramor-5-300x225.jpg 300w, https:\/\/interiumpro.cz\/wp-content\/uploads\/2025\/02\/navrh-koupelny-mramor-5-768x576.jpg 768w\" sizes=\"(max-width: 1000px) 100vw, 1000px\" \/>\t\t\t\t\t\t\t\t<\/a>\n\t\t\t\t\t\t\t\t\t\t\t<figcaption class=\"widget-image-caption wp-caption-text\"><\/figcaption>\n\t\t\t\t\t\t\t\t\t\t<\/figure>\n\t\t\t\t\t\t\t\t\t<\/div>\n\t\t\t\t<\/div>\n\t\t\t\t<div class=\"elementor-element elementor-element-a1ad4c5 elementor-widget elementor-widget-image\" data-id=\"a1ad4c5\" data-element_type=\"widget\" data-e-type=\"widget\" data-widget_type=\"image.default\">\n\t\t\t\t<div class=\"elementor-widget-container\">\n\t\t\t\t\t\t\t\t\t\t\t\t<figure class=\"wp-caption\">\n\t\t\t\t\t\t\t\t\t\t\t<a href=\"https:\/\/interiumpro.cz\/wp-content\/uploads\/2025\/02\/navrh-koupelny-mramor-3.jpg\" data-elementor-open-lightbox=\"yes\" data-e-action-hash=\"#elementor-action%3Aaction%3Dlightbox%26settings%3DeyJpZCI6MjE1NzYsInVybCI6Imh0dHBzOlwvXC9pbnRlcml1bXByby5jelwvd3AtY29udGVudFwvdXBsb2Fkc1wvMjAyNVwvMDJcL25hdnJoLWtvdXBlbG55LW1yYW1vci0zLmpwZyJ9\">\n\t\t\t\t\t\t\t<img loading=\"lazy\" decoding=\"async\" width=\"1000\" height=\"750\" src=\"https:\/\/interiumpro.cz\/wp-content\/uploads\/2025\/02\/navrh-koupelny-mramor-3.jpg\" class=\"attachment-full size-full wp-image-21576\" alt=\"bathroom design\" srcset=\"https:\/\/interiumpro.cz\/wp-content\/uploads\/2025\/02\/navrh-koupelny-mramor-3.jpg 1000w, https:\/\/interiumpro.cz\/wp-content\/uploads\/2025\/02\/navrh-koupelny-mramor-3-300x225.jpg 300w, https:\/\/interiumpro.cz\/wp-content\/uploads\/2025\/02\/navrh-koupelny-mramor-3-768x576.jpg 768w\" sizes=\"(max-width: 1000px) 100vw, 1000px\" \/>\t\t\t\t\t\t\t\t<\/a>\n\t\t\t\t\t\t\t\t\t\t\t<figcaption class=\"widget-image-caption wp-caption-text\"><\/figcaption>\n\t\t\t\t\t\t\t\t\t\t<\/figure>\n\t\t\t\t\t\t\t\t\t<\/div>\n\t\t\t\t<\/div>\n\t\t\t\t\t<\/div>\n\t\t<\/div>\n\t\t\t\t<div class=\"elementor-column elementor-col-33 elementor-top-column elementor-element elementor-element-a33152c\" data-id=\"a33152c\" data-element_type=\"column\" data-e-type=\"column\" data-settings=\"{&quot;motion_fx_motion_fx_scrolling&quot;:&quot;yes&quot;,&quot;motion_fx_devices&quot;:[&quot;desktop&quot;,&quot;tablet&quot;,&quot;mobile&quot;]}\">\n\t\t\t<div class=\"elementor-widget-wrap elementor-element-populated\">\n\t\t\t\t\t\t<div class=\"elementor-element elementor-element-448b3e7e elementor-widget elementor-widget-text-editor\" data-id=\"448b3e7e\" data-element_type=\"widget\" data-e-type=\"widget\" data-widget_type=\"text-editor.default\">\n\t\t\t\t<div class=\"elementor-widget-container\">\n\t\t\t\t\t\t\t\t\t<article class=\"w-full text-token-text-primary focus-visible:outline-2 focus-visible:outline-offset-[-4px]\" dir=\"auto\" data-testid=\"conversation-turn-5\" data-scroll-anchor=\"false\"><div class=\"m-auto text-base py-[18px] px-6\"><div class=\"mx-auto flex flex-1 gap-4 text-base md:gap-5 lg:gap-6 md:max-w-3xl lg:max-w-[40rem] xl:max-w-[48rem]\"><div class=\"group\/conversation-turn relative flex w-full min-w-0 flex-col agent-turn @xs\/thread:px-0 @sm\/thread:px-1.5 @md\/thread:px-4\"><div class=\"flex-col gap-1 md:gap-3\"><div class=\"flex max-w-full flex-col flex-grow\"><div class=\"min-h-8 text-message flex w-full flex-col items-end gap-2 whitespace-normal break-words text-start [.text-message+&amp;]:mt-5\" dir=\"auto\" data-message-author-role=\"assistant\" data-message-id=\"07753a04-455a-4eb8-ac96-2df21cb78ce0\" data-message-model-slug=\"gpt-4o\"><div class=\"flex w-full flex-col gap-1 empty:hidden first:pt-[3px]\"><div class=\"markdown prose w-full break-words dark:prose-invert light\"><p>This interior design of a 1+ bedroom mountain apartment is designed with an emphasis on functionality, cosiness and modern aesthetics. The interior design combines natural materials such as wood and stone with simple lines and light colours, creating a harmonious and airy space ideal for relaxing and working. <\/p><p><strong>Living area<\/strong><br>The main living area is a combination of living area, kitchenette and dining area. The minimalist kitchen provides plenty of storage space and functional cooking areas. The bar counter serves as a separating element between the kitchen and living area, and also as a dining table. A sofa in soft tones is complemented by decorative cushions and blends in with the surrounding d\u00e9cor, while lighting elements add a cosy atmosphere to the space.   <\/p><p><strong>Work area<\/strong><br>The work area is elegantly integrated by the window, ensuring plenty of natural light for work. A simple table design and ergonomic chairs ensure comfort and functionality, while the decorations give the space a distinctive character. This part of the apartment is a practical solution for those who need to combine relaxation and work duties.  <\/p><p>This design by an interior architect is the inspiration for the design of a studio apartment, where the emphasis is on practical use of every square metre without compromising on aesthetics.<\/p><\/div><\/div><\/div><\/div><\/div><\/div><\/div><\/div><\/article>\t\t\t\t\t\t\t\t<\/div>\n\t\t\t\t<\/div>\n\t\t\t\t<div class=\"elementor-element elementor-element-beb7564 elementor-widget elementor-widget-heading\" data-id=\"beb7564\" data-element_type=\"widget\" data-e-type=\"widget\" data-widget_type=\"heading.default\">\n\t\t\t\t<div class=\"elementor-widget-container\">\n\t\t\t\t\t<h2 class=\"elementor-heading-title elementor-size-default\">What can we offer you?<\/h2>\t\t\t\t<\/div>\n\t\t\t\t<\/div>\n\t\t\t\t<div class=\"elementor-element elementor-element-4c4420c4 elementor-widget__width-initial elementor-widget elementor-widget-global elementor-global-19304 elementor-global-19080 elementor-widget-text-editor\" data-id=\"4c4420c4\" data-element_type=\"widget\" data-e-type=\"widget\" data-widget_type=\"text-editor.default\">\n\t\t\t\t<div class=\"elementor-widget-container\">\n\t\t\t\t\t\t\t\t\t<p>Our <a href=\"https:\/\/interiumpro.cz\/en\/about-us\/\">interior designers<\/a> will create a home exactly to your liking &#8211; from the complete interior to individual rooms such as the living room, kitchen, children&#8217;s room, study or bedroom.<\/p><p>Is this a renovation or a new build? We will take care of <a href=\"https:\/\/interiumpro.cz\/blog-o-interierovem-designu\/autorsky-dohled-nad-realizaci-interieru\/\">the interior design<\/a>, production documents, organization, purchasing and supervision of craftsmen. <\/p><p>If you want, we can take the entire interior realization into our own hands and complete it in accordance with the project with an emphasis on quality and reliability.<\/p>\t\t\t\t\t\t\t\t<\/div>\n\t\t\t\t<\/div>\n\t\t\t\t\t<\/div>\n\t\t<\/div>\n\t\t\t\t\t<\/div>\n\t\t<\/section>\n\t\t\t\t<section class=\"elementor-section elementor-top-section elementor-element elementor-element-4ea73ca1 elementor-section-stretched elementor-reverse-mobile elementor-section-boxed elementor-section-height-default elementor-section-height-default\" data-id=\"4ea73ca1\" data-element_type=\"section\" data-e-type=\"section\" data-settings=\"{&quot;stretch_section&quot;:&quot;section-stretched&quot;}\">\n\t\t\t\t\t\t<div class=\"elementor-container elementor-column-gap-wide\">\n\t\t\t\t\t<div class=\"elementor-column elementor-col-100 elementor-top-column elementor-element elementor-element-497f31d8\" data-id=\"497f31d8\" data-element_type=\"column\" data-e-type=\"column\">\n\t\t\t<div class=\"elementor-widget-wrap elementor-element-populated\">\n\t\t\t\t\t\t<div class=\"elementor-element elementor-element-52c55aff elementor-widget elementor-widget-heading\" data-id=\"52c55aff\" data-element_type=\"widget\" data-e-type=\"widget\" data-widget_type=\"heading.default\">\n\t\t\t\t<div class=\"elementor-widget-container\">\n\t\t\t\t\t<h2 class=\"elementor-heading-title elementor-size-default\">Check out our latest projects<\/h2>\t\t\t\t<\/div>\n\t\t\t\t<\/div>\n\t\t\t\t\t<\/div>\n\t\t<\/div>\n\t\t\t\t\t<\/div>\n\t\t<\/section>\n\t\t\t\t<section class=\"elementor-section elementor-top-section elementor-element elementor-element-43353b3f elementor-section-stretched elementor-section-boxed elementor-section-height-default elementor-section-height-default\" data-id=\"43353b3f\" data-element_type=\"section\" data-e-type=\"section\" data-settings=\"{&quot;stretch_section&quot;:&quot;section-stretched&quot;}\">\n\t\t\t\t\t\t<div class=\"elementor-container elementor-column-gap-default\">\n\t\t\t\t\t<div class=\"elementor-column elementor-col-100 elementor-top-column elementor-element elementor-element-3ddab5f\" data-id=\"3ddab5f\" data-element_type=\"column\" data-e-type=\"column\">\n\t\t\t<div class=\"elementor-widget-wrap elementor-element-populated\">\n\t\t\t\t\t\t<div class=\"elementor-element elementor-element-380942e5 elementor-grid-4 elementor-posts--thumbnail-top elementor-grid-tablet-2 elementor-grid-mobile-1 elementor-widget elementor-widget-posts\" data-id=\"380942e5\" data-element_type=\"widget\" data-e-type=\"widget\" data-settings=\"{&quot;custom_columns&quot;:&quot;4&quot;,&quot;custom_row_gap&quot;:{&quot;unit&quot;:&quot;px&quot;,&quot;size&quot;:15,&quot;sizes&quot;:[]},&quot;custom_columns_tablet&quot;:&quot;2&quot;,&quot;custom_columns_mobile&quot;:&quot;1&quot;,&quot;custom_row_gap_tablet&quot;:{&quot;unit&quot;:&quot;px&quot;,&quot;size&quot;:&quot;&quot;,&quot;sizes&quot;:[]},&quot;custom_row_gap_mobile&quot;:{&quot;unit&quot;:&quot;px&quot;,&quot;size&quot;:&quot;&quot;,&quot;sizes&quot;:[]}}\" data-widget_type=\"posts.custom\">\n\t\t\t\t<div class=\"elementor-widget-container\">\n\t\t\t\t\t      <div class=\"ecs-posts elementor-posts-container elementor-posts   elementor-grid elementor-posts--skin-custom\" data-settings=\"{&quot;current_page&quot;:1,&quot;max_num_pages&quot;:0,&quot;load_method&quot;:&quot;loadmore&quot;,&quot;widget_id&quot;:&quot;380942e5&quot;,&quot;post_id&quot;:24751,&quot;theme_id&quot;:24751,&quot;change_url&quot;:false,&quot;reinit_js&quot;:false}\">\n      <div class=\"elementor-posts-nothing-found\"><\/div>\t\t<\/div>\n\t\t\t\t\t\t<\/div>\n\t\t\t\t<\/div>\n\t\t\t\t\t<\/div>\n\t\t<\/div>\n\t\t\t\t\t<\/div>\n\t\t<\/section>\n\t\t\t\t<\/div>\n\t\t","protected":false},"excerpt":{"rendered":"<p>The interior design combines natural materials such as wood and stone, creating a space ideal for relaxing and working.<\/p>\n","protected":false},"author":1,"featured_media":21538,"comment_status":"closed","ping_status":"open","sticky":false,"template":"","format":"standard","meta":{"footnotes":""},"categories":[120,144],"tags":[147],"class_list":["post-24751","post","type-post","status-publish","format-standard","has-post-thumbnail","hentry","category-interior-design-of-apartments-and-houses","category-investment-apartment-designs","tag-short-term-rentals"],"yoast_head":"<!-- This site is optimized with the Yoast SEO Premium plugin v27.4 (Yoast SEO v27.4) - https:\/\/yoast.com\/product\/yoast-seo-premium-wordpress\/ -->\n<title>Interior design of a mountain apartment 1+room &#8211; Interior Design<\/title>\n<meta name=\"description\" content=\"The interior design combines natural materials such as wood and stone, creating a space ideal for relaxing and working.\" \/>\n<meta name=\"robots\" content=\"index, follow, max-snippet:-1, max-image-preview:large, max-video-preview:-1\" \/>\n<link rel=\"canonical\" href=\"https:\/\/interiumpro.cz\/en\/interior-design-of-apartments-and-houses\/mountain-studio-apartment-design\/\" \/>\n<meta property=\"og:locale\" content=\"en_US\" \/>\n<meta property=\"og:type\" content=\"article\" \/>\n<meta property=\"og:title\" content=\"Interior design of a mountain apartment 1+room\" \/>\n<meta property=\"og:description\" content=\"The interior design combines natural materials such as wood and stone, creating a space ideal for relaxing and working.\" \/>\n<meta property=\"og:url\" content=\"https:\/\/interiumpro.cz\/en\/interior-design-of-apartments-and-houses\/mountain-studio-apartment-design\/\" \/>\n<meta property=\"og:site_name\" content=\"Interior Design\" \/>\n<meta property=\"article:publisher\" content=\"https:\/\/www.facebook.com\/interiumpro.cz\/\" \/>\n<meta property=\"article:published_time\" content=\"2025-11-07T07:24:46+00:00\" \/>\n<meta property=\"article:modified_time\" content=\"2025-11-07T07:39:58+00:00\" \/>\n<meta property=\"og:image\" content=\"https:\/\/interiumpro.cz\/wp-content\/uploads\/2025\/02\/Navrh-horskeho-apartmana.jpg\" \/>\n\t<meta property=\"og:image:width\" content=\"600\" \/>\n\t<meta property=\"og:image:height\" content=\"513\" \/>\n\t<meta property=\"og:image:type\" content=\"image\/jpeg\" \/>\n<meta name=\"author\" content=\"intadmin\" \/>\n<meta name=\"twitter:card\" content=\"summary_large_image\" \/>\n<meta name=\"twitter:label1\" content=\"Written by\" \/>\n\t<meta name=\"twitter:data1\" content=\"intadmin\" \/>\n\t<meta name=\"twitter:label2\" content=\"Est. reading time\" \/>\n\t<meta name=\"twitter:data2\" content=\"2 minutes\" \/>\n<script type=\"application\/ld+json\" class=\"yoast-schema-graph\">{\"@context\":\"https:\\\/\\\/schema.org\",\"@graph\":[{\"@type\":\"Article\",\"@id\":\"https:\\\/\\\/interiumpro.cz\\\/en\\\/interior-design-of-apartments-and-houses\\\/mountain-studio-apartment-design\\\/#article\",\"isPartOf\":{\"@id\":\"https:\\\/\\\/interiumpro.cz\\\/en\\\/interior-design-of-apartments-and-houses\\\/mountain-studio-apartment-design\\\/\"},\"author\":{\"name\":\"intadmin\",\"@id\":\"https:\\\/\\\/interiumpro.cz\\\/en\\\/#\\\/schema\\\/person\\\/873c9dcbf5578b6966ddbab211176470\"},\"headline\":\"Interior design of a mountain apartment 1+room\",\"datePublished\":\"2025-11-07T07:24:46+00:00\",\"dateModified\":\"2025-11-07T07:39:58+00:00\",\"mainEntityOfPage\":{\"@id\":\"https:\\\/\\\/interiumpro.cz\\\/en\\\/interior-design-of-apartments-and-houses\\\/mountain-studio-apartment-design\\\/\"},\"wordCount\":361,\"publisher\":{\"@id\":\"https:\\\/\\\/interiumpro.cz\\\/en\\\/#organization\"},\"image\":{\"@id\":\"https:\\\/\\\/interiumpro.cz\\\/en\\\/interior-design-of-apartments-and-houses\\\/mountain-studio-apartment-design\\\/#primaryimage\"},\"thumbnailUrl\":\"https:\\\/\\\/interiumpro.cz\\\/wp-content\\\/uploads\\\/2025\\\/02\\\/Navrh-horskeho-apartmana.jpg\",\"keywords\":[\"Short-term rentals\"],\"articleSection\":[\"Interior design of apartments and houses\",\"Investment apartment designs\"],\"inLanguage\":\"en-US\"},{\"@type\":\"WebPage\",\"@id\":\"https:\\\/\\\/interiumpro.cz\\\/en\\\/interior-design-of-apartments-and-houses\\\/mountain-studio-apartment-design\\\/\",\"url\":\"https:\\\/\\\/interiumpro.cz\\\/en\\\/interior-design-of-apartments-and-houses\\\/mountain-studio-apartment-design\\\/\",\"name\":\"Interior design of a mountain apartment 1+room &#8211; Interior Design\",\"isPartOf\":{\"@id\":\"https:\\\/\\\/interiumpro.cz\\\/en\\\/#website\"},\"primaryImageOfPage\":{\"@id\":\"https:\\\/\\\/interiumpro.cz\\\/en\\\/interior-design-of-apartments-and-houses\\\/mountain-studio-apartment-design\\\/#primaryimage\"},\"image\":{\"@id\":\"https:\\\/\\\/interiumpro.cz\\\/en\\\/interior-design-of-apartments-and-houses\\\/mountain-studio-apartment-design\\\/#primaryimage\"},\"thumbnailUrl\":\"https:\\\/\\\/interiumpro.cz\\\/wp-content\\\/uploads\\\/2025\\\/02\\\/Navrh-horskeho-apartmana.jpg\",\"datePublished\":\"2025-11-07T07:24:46+00:00\",\"dateModified\":\"2025-11-07T07:39:58+00:00\",\"description\":\"The interior design combines natural materials such as wood and stone, creating a space ideal for relaxing and working.\",\"breadcrumb\":{\"@id\":\"https:\\\/\\\/interiumpro.cz\\\/en\\\/interior-design-of-apartments-and-houses\\\/mountain-studio-apartment-design\\\/#breadcrumb\"},\"inLanguage\":\"en-US\",\"potentialAction\":[{\"@type\":\"ReadAction\",\"target\":[\"https:\\\/\\\/interiumpro.cz\\\/en\\\/interior-design-of-apartments-and-houses\\\/mountain-studio-apartment-design\\\/\"]}]},{\"@type\":\"ImageObject\",\"inLanguage\":\"en-US\",\"@id\":\"https:\\\/\\\/interiumpro.cz\\\/en\\\/interior-design-of-apartments-and-houses\\\/mountain-studio-apartment-design\\\/#primaryimage\",\"url\":\"https:\\\/\\\/interiumpro.cz\\\/wp-content\\\/uploads\\\/2025\\\/02\\\/Navrh-horskeho-apartmana.jpg\",\"contentUrl\":\"https:\\\/\\\/interiumpro.cz\\\/wp-content\\\/uploads\\\/2025\\\/02\\\/Navrh-horskeho-apartmana.jpg\",\"width\":600,\"height\":513,\"caption\":\"Interior design of a mountain apartment 1+room\"},{\"@type\":\"BreadcrumbList\",\"@id\":\"https:\\\/\\\/interiumpro.cz\\\/en\\\/interior-design-of-apartments-and-houses\\\/mountain-studio-apartment-design\\\/#breadcrumb\",\"itemListElement\":[{\"@type\":\"ListItem\",\"position\":1,\"name\":\"Dom\u016f\",\"item\":\"https:\\\/\\\/interiumpro.cz\\\/en\\\/\"},{\"@type\":\"ListItem\",\"position\":2,\"name\":\"Interior design of apartments and houses\",\"item\":\"https:\\\/\\\/interiumpro.cz\\\/en\\\/navrhy-interieru\\\/interior-design-of-apartments-and-houses\\\/\"},{\"@type\":\"ListItem\",\"position\":3,\"name\":\"Interior design of a mountain apartment 1+room\"}]},{\"@type\":\"WebSite\",\"@id\":\"https:\\\/\\\/interiumpro.cz\\\/en\\\/#website\",\"url\":\"https:\\\/\\\/interiumpro.cz\\\/en\\\/\",\"name\":\"Interium N\u00e1vrhy Interi\u00e9r\u016f\",\"description\":\"Interium - Praha\",\"publisher\":{\"@id\":\"https:\\\/\\\/interiumpro.cz\\\/en\\\/#organization\"},\"alternateName\":\"N\u00e1vrhy Interi\u00e9r\u016f\",\"potentialAction\":[{\"@type\":\"SearchAction\",\"target\":{\"@type\":\"EntryPoint\",\"urlTemplate\":\"https:\\\/\\\/interiumpro.cz\\\/en\\\/?s={search_term_string}\"},\"query-input\":{\"@type\":\"PropertyValueSpecification\",\"valueRequired\":true,\"valueName\":\"search_term_string\"}}],\"inLanguage\":\"en-US\"},{\"@type\":\"Organization\",\"@id\":\"https:\\\/\\\/interiumpro.cz\\\/en\\\/#organization\",\"name\":\"InteriumPro N\u00e1vrhy Interi\u00e9r\u016f\",\"alternateName\":\"N\u00e1vrhy Interi\u00e9r\u016f\",\"url\":\"https:\\\/\\\/interiumpro.cz\\\/en\\\/\",\"logo\":{\"@type\":\"ImageObject\",\"inLanguage\":\"en-US\",\"@id\":\"https:\\\/\\\/interiumpro.cz\\\/en\\\/#\\\/schema\\\/logo\\\/image\\\/\",\"url\":\"https:\\\/\\\/interiumpro.cz\\\/wp-content\\\/uploads\\\/2020\\\/04\\\/cropped-logo-interium14-1024x292-1.png\",\"contentUrl\":\"https:\\\/\\\/interiumpro.cz\\\/wp-content\\\/uploads\\\/2020\\\/04\\\/cropped-logo-interium14-1024x292-1.png\",\"width\":1022,\"height\":292,\"caption\":\"InteriumPro N\u00e1vrhy Interi\u00e9r\u016f\"},\"image\":{\"@id\":\"https:\\\/\\\/interiumpro.cz\\\/en\\\/#\\\/schema\\\/logo\\\/image\\\/\"},\"sameAs\":[\"https:\\\/\\\/www.facebook.com\\\/interiumpro.cz\\\/\"]},{\"@type\":\"Person\",\"@id\":\"https:\\\/\\\/interiumpro.cz\\\/en\\\/#\\\/schema\\\/person\\\/873c9dcbf5578b6966ddbab211176470\",\"name\":\"intadmin\"}]}<\/script>\n<!-- \/ Yoast SEO Premium plugin. -->","yoast_head_json":{"title":"Interior design of a mountain apartment 1+room &#8211; Interior Design","description":"The interior design combines natural materials such as wood and stone, creating a space ideal for relaxing and working.","robots":{"index":"index","follow":"follow","max-snippet":"max-snippet:-1","max-image-preview":"max-image-preview:large","max-video-preview":"max-video-preview:-1"},"canonical":"https:\/\/interiumpro.cz\/en\/interior-design-of-apartments-and-houses\/mountain-studio-apartment-design\/","og_locale":"en_US","og_type":"article","og_title":"Interior design of a mountain apartment 1+room","og_description":"The interior design combines natural materials such as wood and stone, creating a space ideal for relaxing and working.","og_url":"https:\/\/interiumpro.cz\/en\/interior-design-of-apartments-and-houses\/mountain-studio-apartment-design\/","og_site_name":"Interior Design","article_publisher":"https:\/\/www.facebook.com\/interiumpro.cz\/","article_published_time":"2025-11-07T07:24:46+00:00","article_modified_time":"2025-11-07T07:39:58+00:00","og_image":[{"width":600,"height":513,"url":"https:\/\/interiumpro.cz\/wp-content\/uploads\/2025\/02\/Navrh-horskeho-apartmana.jpg","type":"image\/jpeg"}],"author":"intadmin","twitter_card":"summary_large_image","twitter_misc":{"Written by":"intadmin","Est. reading time":"2 minutes"},"schema":{"@context":"https:\/\/schema.org","@graph":[{"@type":"Article","@id":"https:\/\/interiumpro.cz\/en\/interior-design-of-apartments-and-houses\/mountain-studio-apartment-design\/#article","isPartOf":{"@id":"https:\/\/interiumpro.cz\/en\/interior-design-of-apartments-and-houses\/mountain-studio-apartment-design\/"},"author":{"name":"intadmin","@id":"https:\/\/interiumpro.cz\/en\/#\/schema\/person\/873c9dcbf5578b6966ddbab211176470"},"headline":"Interior design of a mountain apartment 1+room","datePublished":"2025-11-07T07:24:46+00:00","dateModified":"2025-11-07T07:39:58+00:00","mainEntityOfPage":{"@id":"https:\/\/interiumpro.cz\/en\/interior-design-of-apartments-and-houses\/mountain-studio-apartment-design\/"},"wordCount":361,"publisher":{"@id":"https:\/\/interiumpro.cz\/en\/#organization"},"image":{"@id":"https:\/\/interiumpro.cz\/en\/interior-design-of-apartments-and-houses\/mountain-studio-apartment-design\/#primaryimage"},"thumbnailUrl":"https:\/\/interiumpro.cz\/wp-content\/uploads\/2025\/02\/Navrh-horskeho-apartmana.jpg","keywords":["Short-term rentals"],"articleSection":["Interior design of apartments and houses","Investment apartment designs"],"inLanguage":"en-US"},{"@type":"WebPage","@id":"https:\/\/interiumpro.cz\/en\/interior-design-of-apartments-and-houses\/mountain-studio-apartment-design\/","url":"https:\/\/interiumpro.cz\/en\/interior-design-of-apartments-and-houses\/mountain-studio-apartment-design\/","name":"Interior design of a mountain apartment 1+room &#8211; Interior Design","isPartOf":{"@id":"https:\/\/interiumpro.cz\/en\/#website"},"primaryImageOfPage":{"@id":"https:\/\/interiumpro.cz\/en\/interior-design-of-apartments-and-houses\/mountain-studio-apartment-design\/#primaryimage"},"image":{"@id":"https:\/\/interiumpro.cz\/en\/interior-design-of-apartments-and-houses\/mountain-studio-apartment-design\/#primaryimage"},"thumbnailUrl":"https:\/\/interiumpro.cz\/wp-content\/uploads\/2025\/02\/Navrh-horskeho-apartmana.jpg","datePublished":"2025-11-07T07:24:46+00:00","dateModified":"2025-11-07T07:39:58+00:00","description":"The interior design combines natural materials such as wood and stone, creating a space ideal for relaxing and working.","breadcrumb":{"@id":"https:\/\/interiumpro.cz\/en\/interior-design-of-apartments-and-houses\/mountain-studio-apartment-design\/#breadcrumb"},"inLanguage":"en-US","potentialAction":[{"@type":"ReadAction","target":["https:\/\/interiumpro.cz\/en\/interior-design-of-apartments-and-houses\/mountain-studio-apartment-design\/"]}]},{"@type":"ImageObject","inLanguage":"en-US","@id":"https:\/\/interiumpro.cz\/en\/interior-design-of-apartments-and-houses\/mountain-studio-apartment-design\/#primaryimage","url":"https:\/\/interiumpro.cz\/wp-content\/uploads\/2025\/02\/Navrh-horskeho-apartmana.jpg","contentUrl":"https:\/\/interiumpro.cz\/wp-content\/uploads\/2025\/02\/Navrh-horskeho-apartmana.jpg","width":600,"height":513,"caption":"Interior design of a mountain apartment 1+room"},{"@type":"BreadcrumbList","@id":"https:\/\/interiumpro.cz\/en\/interior-design-of-apartments-and-houses\/mountain-studio-apartment-design\/#breadcrumb","itemListElement":[{"@type":"ListItem","position":1,"name":"Dom\u016f","item":"https:\/\/interiumpro.cz\/en\/"},{"@type":"ListItem","position":2,"name":"Interior design of apartments and houses","item":"https:\/\/interiumpro.cz\/en\/navrhy-interieru\/interior-design-of-apartments-and-houses\/"},{"@type":"ListItem","position":3,"name":"Interior design of a mountain apartment 1+room"}]},{"@type":"WebSite","@id":"https:\/\/interiumpro.cz\/en\/#website","url":"https:\/\/interiumpro.cz\/en\/","name":"Interium N\u00e1vrhy Interi\u00e9r\u016f","description":"Interium - Praha","publisher":{"@id":"https:\/\/interiumpro.cz\/en\/#organization"},"alternateName":"N\u00e1vrhy Interi\u00e9r\u016f","potentialAction":[{"@type":"SearchAction","target":{"@type":"EntryPoint","urlTemplate":"https:\/\/interiumpro.cz\/en\/?s={search_term_string}"},"query-input":{"@type":"PropertyValueSpecification","valueRequired":true,"valueName":"search_term_string"}}],"inLanguage":"en-US"},{"@type":"Organization","@id":"https:\/\/interiumpro.cz\/en\/#organization","name":"InteriumPro N\u00e1vrhy Interi\u00e9r\u016f","alternateName":"N\u00e1vrhy Interi\u00e9r\u016f","url":"https:\/\/interiumpro.cz\/en\/","logo":{"@type":"ImageObject","inLanguage":"en-US","@id":"https:\/\/interiumpro.cz\/en\/#\/schema\/logo\/image\/","url":"https:\/\/interiumpro.cz\/wp-content\/uploads\/2020\/04\/cropped-logo-interium14-1024x292-1.png","contentUrl":"https:\/\/interiumpro.cz\/wp-content\/uploads\/2020\/04\/cropped-logo-interium14-1024x292-1.png","width":1022,"height":292,"caption":"InteriumPro N\u00e1vrhy Interi\u00e9r\u016f"},"image":{"@id":"https:\/\/interiumpro.cz\/en\/#\/schema\/logo\/image\/"},"sameAs":["https:\/\/www.facebook.com\/interiumpro.cz\/"]},{"@type":"Person","@id":"https:\/\/interiumpro.cz\/en\/#\/schema\/person\/873c9dcbf5578b6966ddbab211176470","name":"intadmin"}]}},"_links":{"self":[{"href":"https:\/\/interiumpro.cz\/en\/wp-json\/wp\/v2\/posts\/24751","targetHints":{"allow":["GET"]}}],"collection":[{"href":"https:\/\/interiumpro.cz\/en\/wp-json\/wp\/v2\/posts"}],"about":[{"href":"https:\/\/interiumpro.cz\/en\/wp-json\/wp\/v2\/types\/post"}],"author":[{"embeddable":true,"href":"https:\/\/interiumpro.cz\/en\/wp-json\/wp\/v2\/users\/1"}],"replies":[{"embeddable":true,"href":"https:\/\/interiumpro.cz\/en\/wp-json\/wp\/v2\/comments?post=24751"}],"version-history":[{"count":0,"href":"https:\/\/interiumpro.cz\/en\/wp-json\/wp\/v2\/posts\/24751\/revisions"}],"wp:featuredmedia":[{"embeddable":true,"href":"https:\/\/interiumpro.cz\/en\/wp-json\/wp\/v2\/media\/21538"}],"wp:attachment":[{"href":"https:\/\/interiumpro.cz\/en\/wp-json\/wp\/v2\/media?parent=24751"}],"wp:term":[{"taxonomy":"category","embeddable":true,"href":"https:\/\/interiumpro.cz\/en\/wp-json\/wp\/v2\/categories?post=24751"},{"taxonomy":"post_tag","embeddable":true,"href":"https:\/\/interiumpro.cz\/en\/wp-json\/wp\/v2\/tags?post=24751"}],"curies":[{"name":"wp","href":"https:\/\/api.w.org\/{rel}","templated":true}]}}