{"id":21452,"date":"2025-01-25T16:21:24","date_gmt":"2025-01-25T15:21:24","guid":{"rendered":"https:\/\/interiumpro.cz\/uncategorized\/interior-design-inspiration-scandinavian-style\/"},"modified":"2025-01-25T16:21:26","modified_gmt":"2025-01-25T15:21:26","slug":"interior-design-inspiration-scandinavian-style","status":"publish","type":"post","link":"https:\/\/interiumpro.cz\/en\/interior-design-of-apartments-and-houses\/interior-design-inspiration-scandinavian-style\/","title":{"rendered":"Interior design of an apartment in Scandinavian style"},"content":{"rendered":"\t\t<div data-elementor-type=\"wp-page\" data-elementor-id=\"21452\" class=\"elementor elementor-21452 elementor-12419\" data-elementor-post-type=\"post\">\n\t\t\t\t\t\t<section class=\"elementor-section elementor-top-section elementor-element elementor-element-5e1f1090 elementor-section-stretched elementor-reverse-mobile elementor-section-boxed elementor-section-height-default elementor-section-height-default\" data-id=\"5e1f1090\" data-element_type=\"section\" data-e-type=\"section\" data-settings=\"{&quot;stretch_section&quot;:&quot;section-stretched&quot;}\">\n\t\t\t\t\t\t<div class=\"elementor-container elementor-column-gap-wide\">\n\t\t\t\t\t<div class=\"elementor-column elementor-col-100 elementor-top-column elementor-element elementor-element-5db2dd83\" data-id=\"5db2dd83\" data-element_type=\"column\" data-e-type=\"column\">\n\t\t\t<div class=\"elementor-widget-wrap elementor-element-populated\">\n\t\t\t\t\t\t<div class=\"elementor-element elementor-element-32c7b685 elementor-widget elementor-widget-breadcrumbs\" data-id=\"32c7b685\" data-element_type=\"widget\" data-e-type=\"widget\" data-widget_type=\"breadcrumbs.default\">\n\t\t\t\t<div class=\"elementor-widget-container\">\n\t\t\t\t\t<div id=\"breadcrumbs\"><span><span><a href=\"https:\/\/interiumpro.cz\/en\/\">Dom\u016f<\/a><\/span><\/span><\/div>\t\t\t\t<\/div>\n\t\t\t\t<\/div>\n\t\t\t\t\t<\/div>\n\t\t<\/div>\n\t\t\t\t\t<\/div>\n\t\t<\/section>\n\t\t\t\t<section class=\"elementor-section elementor-top-section elementor-element elementor-element-52ddcbaf elementor-section-stretched elementor-section-boxed elementor-section-height-default elementor-section-height-default\" data-id=\"52ddcbaf\" data-element_type=\"section\" data-e-type=\"section\" data-settings=\"{&quot;stretch_section&quot;:&quot;section-stretched&quot;}\">\n\t\t\t\t\t\t\t<div class=\"elementor-background-overlay\"><\/div>\n\t\t\t\t\t\t\t<div class=\"elementor-container elementor-column-gap-default\">\n\t\t\t\t\t<div class=\"elementor-column elementor-col-100 elementor-top-column elementor-element elementor-element-2f126f11\" data-id=\"2f126f11\" data-element_type=\"column\" data-e-type=\"column\">\n\t\t\t<div class=\"elementor-widget-wrap elementor-element-populated\">\n\t\t\t\t\t\t<div class=\"elementor-element elementor-element-a8f2a8e elementor-widget elementor-widget-heading\" data-id=\"a8f2a8e\" data-element_type=\"widget\" data-e-type=\"widget\" data-widget_type=\"heading.default\">\n\t\t\t\t<div class=\"elementor-widget-container\">\n\t\t\t\t\t<h1 class=\"elementor-heading-title elementor-size-default\">Interior design of an apartment in Scandinavian style<\/h1>\t\t\t\t<\/div>\n\t\t\t\t<\/div>\n\t\t\t\t\t<\/div>\n\t\t<\/div>\n\t\t\t\t\t<\/div>\n\t\t<\/section>\n\t\t\t\t<section class=\"elementor-section elementor-top-section elementor-element elementor-element-654deba4 elementor-section-stretched elementor-section-boxed elementor-section-height-default elementor-section-height-default\" data-id=\"654deba4\" data-element_type=\"section\" data-e-type=\"section\" data-settings=\"{&quot;stretch_section&quot;:&quot;section-stretched&quot;}\">\n\t\t\t\t\t\t<div class=\"elementor-container elementor-column-gap-wide\">\n\t\t\t\t\t<div class=\"elementor-column elementor-col-66 elementor-top-column elementor-element elementor-element-4f8dcfa9\" data-id=\"4f8dcfa9\" data-element_type=\"column\" data-e-type=\"column\">\n\t\t\t<div class=\"elementor-widget-wrap elementor-element-populated\">\n\t\t\t\t\t\t<div class=\"elementor-element elementor-element-a7c4faa elementor-widget elementor-widget-video\" data-id=\"a7c4faa\" data-element_type=\"widget\" data-e-type=\"widget\" data-settings=\"{&quot;youtube_url&quot;:&quot;https:\\\/\\\/youtu.be\\\/0q0yzc7eoe0&quot;,&quot;video_type&quot;:&quot;youtube&quot;,&quot;controls&quot;:&quot;yes&quot;}\" data-widget_type=\"video.default\">\n\t\t\t\t<div class=\"elementor-widget-container\">\n\t\t\t\t\t\t\t<div class=\"elementor-wrapper elementor-open-inline\">\n\t\t\t<div class=\"elementor-video\"><\/div>\t\t<\/div>\n\t\t\t\t\t\t<\/div>\n\t\t\t\t<\/div>\n\t\t\t\t<div class=\"elementor-element elementor-element-0b51160 elementor-widget elementor-widget-image\" data-id=\"0b51160\" data-element_type=\"widget\" data-e-type=\"widget\" data-widget_type=\"image.default\">\n\t\t\t\t<div class=\"elementor-widget-container\">\n\t\t\t\t\t\t\t\t\t\t\t\t<figure class=\"wp-caption\">\n\t\t\t\t\t\t\t\t\t\t\t<a href=\"https:\/\/interiumpro.cz\/wp-content\/uploads\/2023\/12\/obyvaci-pokoj-s-kuchyni-a-jidelnou-1.jpg\" data-elementor-open-lightbox=\"yes\" data-e-action-hash=\"#elementor-action%3Aaction%3Dlightbox%26settings%3DeyJpZCI6MTI1MjUsInVybCI6Imh0dHBzOlwvXC9pbnRlcml1bXByby5jelwvd3AtY29udGVudFwvdXBsb2Fkc1wvMjAyM1wvMTJcL29ieXZhY2ktcG9rb2otcy1rdWNoeW5pLWEtamlkZWxub3UtMS5qcGcifQ%3D%3D\">\n\t\t\t\t\t\t\t<img fetchpriority=\"high\" decoding=\"async\" width=\"1000\" height=\"716\" src=\"https:\/\/interiumpro.cz\/wp-content\/uploads\/2023\/12\/obyvaci-pokoj-s-kuchyni-a-jidelnou-1.jpg\" class=\"attachment-full size-full wp-image-12525\" alt=\"ob\u00fdvac\u00ed pokoj s krbem inspirace\" srcset=\"https:\/\/interiumpro.cz\/wp-content\/uploads\/2023\/12\/obyvaci-pokoj-s-kuchyni-a-jidelnou-1.jpg 1000w, https:\/\/interiumpro.cz\/wp-content\/uploads\/2023\/12\/obyvaci-pokoj-s-kuchyni-a-jidelnou-1-300x215.jpg 300w, https:\/\/interiumpro.cz\/wp-content\/uploads\/2023\/12\/obyvaci-pokoj-s-kuchyni-a-jidelnou-1-768x550.jpg 768w\" sizes=\"(max-width: 1000px) 100vw, 1000px\" \/>\t\t\t\t\t\t\t\t<\/a>\n\t\t\t\t\t\t\t\t\t\t\t<figcaption class=\"widget-image-caption wp-caption-text\"><\/figcaption>\n\t\t\t\t\t\t\t\t\t\t<\/figure>\n\t\t\t\t\t\t\t\t\t<\/div>\n\t\t\t\t<\/div>\n\t\t\t\t<div class=\"elementor-element elementor-element-239805a6 elementor-widget elementor-widget-heading\" data-id=\"239805a6\" data-element_type=\"widget\" data-e-type=\"widget\" data-widget_type=\"heading.default\">\n\t\t\t\t<div class=\"elementor-widget-container\">\n\t\t\t\t\t<h2 class=\"elementor-heading-title elementor-size-default\">Living room <\/h2>\t\t\t\t<\/div>\n\t\t\t\t<\/div>\n\t\t\t\t<div class=\"elementor-element elementor-element-de2e2ed elementor-widget elementor-widget-image\" data-id=\"de2e2ed\" data-element_type=\"widget\" data-e-type=\"widget\" data-widget_type=\"image.default\">\n\t\t\t\t<div class=\"elementor-widget-container\">\n\t\t\t\t\t\t\t\t\t\t\t\t\t\t\t\t<a href=\"https:\/\/interiumpro.cz\/wp-content\/uploads\/2023\/12\/obyvaci-pokoj-v-skandinavskem-stylu-2.jpg\" data-elementor-open-lightbox=\"yes\" data-e-action-hash=\"#elementor-action%3Aaction%3Dlightbox%26settings%3DeyJpZCI6MTI1MjgsInVybCI6Imh0dHBzOlwvXC9pbnRlcml1bXByby5jelwvd3AtY29udGVudFwvdXBsb2Fkc1wvMjAyM1wvMTJcL29ieXZhY2ktcG9rb2otdi1za2FuZGluYXZza2VtLXN0eWx1LTIuanBnIn0%3D\">\n\t\t\t\t\t\t\t<img decoding=\"async\" width=\"800\" height=\"450\" src=\"https:\/\/interiumpro.cz\/wp-content\/uploads\/2023\/12\/obyvaci-pokoj-v-skandinavskem-stylu-2.jpg\" class=\"attachment-full size-full wp-image-12528\" alt=\"ob\u00fdvac\u00ed pokoj s krbem inspirace\" srcset=\"https:\/\/interiumpro.cz\/wp-content\/uploads\/2023\/12\/obyvaci-pokoj-v-skandinavskem-stylu-2.jpg 800w, https:\/\/interiumpro.cz\/wp-content\/uploads\/2023\/12\/obyvaci-pokoj-v-skandinavskem-stylu-2-300x169.jpg 300w, https:\/\/interiumpro.cz\/wp-content\/uploads\/2023\/12\/obyvaci-pokoj-v-skandinavskem-stylu-2-768x432.jpg 768w\" sizes=\"(max-width: 800px) 100vw, 800px\" \/>\t\t\t\t\t\t\t\t<\/a>\n\t\t\t\t\t\t\t\t\t\t\t\t\t\t\t<\/div>\n\t\t\t\t<\/div>\n\t\t\t\t<div class=\"elementor-element elementor-element-70d1570 elementor-widget elementor-widget-image\" data-id=\"70d1570\" data-element_type=\"widget\" data-e-type=\"widget\" data-widget_type=\"image.default\">\n\t\t\t\t<div class=\"elementor-widget-container\">\n\t\t\t\t\t\t\t\t\t\t\t\t\t\t\t\t<a href=\"https:\/\/interiumpro.cz\/wp-content\/uploads\/2023\/12\/obyvaci-pokoj-v-skandinavskem-stylu-3.jpg\" data-elementor-open-lightbox=\"yes\" data-e-action-hash=\"#elementor-action%3Aaction%3Dlightbox%26settings%3DeyJpZCI6MTI1MzEsInVybCI6Imh0dHBzOlwvXC9pbnRlcml1bXByby5jelwvd3AtY29udGVudFwvdXBsb2Fkc1wvMjAyM1wvMTJcL29ieXZhY2ktcG9rb2otdi1za2FuZGluYXZza2VtLXN0eWx1LTMuanBnIn0%3D\">\n\t\t\t\t\t\t\t<img decoding=\"async\" width=\"800\" height=\"450\" src=\"https:\/\/interiumpro.cz\/wp-content\/uploads\/2023\/12\/obyvaci-pokoj-v-skandinavskem-stylu-3.jpg\" class=\"attachment-full size-full wp-image-12531\" alt=\"ob\u00fdvac\u00ed pokoj s krbem inspirace\" srcset=\"https:\/\/interiumpro.cz\/wp-content\/uploads\/2023\/12\/obyvaci-pokoj-v-skandinavskem-stylu-3.jpg 800w, https:\/\/interiumpro.cz\/wp-content\/uploads\/2023\/12\/obyvaci-pokoj-v-skandinavskem-stylu-3-300x169.jpg 300w, https:\/\/interiumpro.cz\/wp-content\/uploads\/2023\/12\/obyvaci-pokoj-v-skandinavskem-stylu-3-768x432.jpg 768w\" sizes=\"(max-width: 800px) 100vw, 800px\" \/>\t\t\t\t\t\t\t\t<\/a>\n\t\t\t\t\t\t\t\t\t\t\t\t\t\t\t<\/div>\n\t\t\t\t<\/div>\n\t\t\t\t<div class=\"elementor-element elementor-element-68f2bda3 elementor-widget elementor-widget-image\" data-id=\"68f2bda3\" data-element_type=\"widget\" data-e-type=\"widget\" data-widget_type=\"image.default\">\n\t\t\t\t<div class=\"elementor-widget-container\">\n\t\t\t\t\t\t\t\t\t\t\t\t\t\t\t\t<a href=\"https:\/\/interiumpro.cz\/wp-content\/uploads\/2023\/12\/obyvaci-pokoj-v-skandinavskem-stylu-7.jpg\" data-elementor-open-lightbox=\"yes\" data-e-action-hash=\"#elementor-action%3Aaction%3Dlightbox%26settings%3DeyJpZCI6MTI1NjQsInVybCI6Imh0dHBzOlwvXC9pbnRlcml1bXByby5jelwvd3AtY29udGVudFwvdXBsb2Fkc1wvMjAyM1wvMTJcL29ieXZhY2ktcG9rb2otdi1za2FuZGluYXZza2VtLXN0eWx1LTcuanBnIn0%3D\">\n\t\t\t\t\t\t\t<img loading=\"lazy\" decoding=\"async\" width=\"800\" height=\"542\" src=\"https:\/\/interiumpro.cz\/wp-content\/uploads\/2023\/12\/obyvaci-pokoj-v-skandinavskem-stylu-7.jpg\" class=\"attachment-full size-full wp-image-12564\" alt=\"ob\u00fdvac\u00ed pokoj s kuchyn\u00ed a j\u00eddelnou\" srcset=\"https:\/\/interiumpro.cz\/wp-content\/uploads\/2023\/12\/obyvaci-pokoj-v-skandinavskem-stylu-7.jpg 800w, https:\/\/interiumpro.cz\/wp-content\/uploads\/2023\/12\/obyvaci-pokoj-v-skandinavskem-stylu-7-300x203.jpg 300w, https:\/\/interiumpro.cz\/wp-content\/uploads\/2023\/12\/obyvaci-pokoj-v-skandinavskem-stylu-7-768x520.jpg 768w\" sizes=\"(max-width: 800px) 100vw, 800px\" \/>\t\t\t\t\t\t\t\t<\/a>\n\t\t\t\t\t\t\t\t\t\t\t\t\t\t\t<\/div>\n\t\t\t\t<\/div>\n\t\t\t\t<div class=\"elementor-element elementor-element-32879e2 elementor-widget elementor-widget-image\" data-id=\"32879e2\" data-element_type=\"widget\" data-e-type=\"widget\" data-widget_type=\"image.default\">\n\t\t\t\t<div class=\"elementor-widget-container\">\n\t\t\t\t\t\t\t\t\t\t\t\t\t\t\t\t<a href=\"https:\/\/interiumpro.cz\/wp-content\/uploads\/2023\/12\/obyvaci-pokoj-v-skandinavskem-stylu-5.jpg\" data-elementor-open-lightbox=\"yes\" data-e-action-hash=\"#elementor-action%3Aaction%3Dlightbox%26settings%3DeyJpZCI6MTI1MzcsInVybCI6Imh0dHBzOlwvXC9pbnRlcml1bXByby5jelwvd3AtY29udGVudFwvdXBsb2Fkc1wvMjAyM1wvMTJcL29ieXZhY2ktcG9rb2otdi1za2FuZGluYXZza2VtLXN0eWx1LTUuanBnIn0%3D\">\n\t\t\t\t\t\t\t<img loading=\"lazy\" decoding=\"async\" width=\"800\" height=\"450\" src=\"https:\/\/interiumpro.cz\/wp-content\/uploads\/2023\/12\/obyvaci-pokoj-v-skandinavskem-stylu-5.jpg\" class=\"attachment-full size-full wp-image-12537\" alt=\"ob\u00fdvac\u00ed pokoj s krbem inspirace\" srcset=\"https:\/\/interiumpro.cz\/wp-content\/uploads\/2023\/12\/obyvaci-pokoj-v-skandinavskem-stylu-5.jpg 800w, https:\/\/interiumpro.cz\/wp-content\/uploads\/2023\/12\/obyvaci-pokoj-v-skandinavskem-stylu-5-300x169.jpg 300w, https:\/\/interiumpro.cz\/wp-content\/uploads\/2023\/12\/obyvaci-pokoj-v-skandinavskem-stylu-5-768x432.jpg 768w\" sizes=\"(max-width: 800px) 100vw, 800px\" \/>\t\t\t\t\t\t\t\t<\/a>\n\t\t\t\t\t\t\t\t\t\t\t\t\t\t\t<\/div>\n\t\t\t\t<\/div>\n\t\t\t\t<div class=\"elementor-element elementor-element-80add1a elementor-widget elementor-widget-image\" data-id=\"80add1a\" data-element_type=\"widget\" data-e-type=\"widget\" data-widget_type=\"image.default\">\n\t\t\t\t<div class=\"elementor-widget-container\">\n\t\t\t\t\t\t\t\t\t\t\t\t<figure class=\"wp-caption\">\n\t\t\t\t\t\t\t\t\t\t\t<a href=\"https:\/\/interiumpro.cz\/wp-content\/uploads\/2023\/12\/obyvaci-pokoj-s-krbem-inspirace.jpg\" data-elementor-open-lightbox=\"yes\" data-e-action-hash=\"#elementor-action%3Aaction%3Dlightbox%26settings%3DeyJpZCI6MTI1MjIsInVybCI6Imh0dHBzOlwvXC9pbnRlcml1bXByby5jelwvd3AtY29udGVudFwvdXBsb2Fkc1wvMjAyM1wvMTJcL29ieXZhY2ktcG9rb2otcy1rcmJlbS1pbnNwaXJhY2UuanBnIn0%3D\">\n\t\t\t\t\t\t\t<img loading=\"lazy\" decoding=\"async\" width=\"800\" height=\"450\" src=\"https:\/\/interiumpro.cz\/wp-content\/uploads\/2023\/12\/obyvaci-pokoj-s-krbem-inspirace.jpg\" class=\"attachment-full size-full wp-image-12522\" alt=\"ob\u00fdvac\u00ed pokoj s krbem inspirace\" srcset=\"https:\/\/interiumpro.cz\/wp-content\/uploads\/2023\/12\/obyvaci-pokoj-s-krbem-inspirace.jpg 800w, https:\/\/interiumpro.cz\/wp-content\/uploads\/2023\/12\/obyvaci-pokoj-s-krbem-inspirace-300x169.jpg 300w, https:\/\/interiumpro.cz\/wp-content\/uploads\/2023\/12\/obyvaci-pokoj-s-krbem-inspirace-768x432.jpg 768w\" sizes=\"(max-width: 800px) 100vw, 800px\" \/>\t\t\t\t\t\t\t\t<\/a>\n\t\t\t\t\t\t\t\t\t\t\t<figcaption class=\"widget-image-caption wp-caption-text\"><\/figcaption>\n\t\t\t\t\t\t\t\t\t\t<\/figure>\n\t\t\t\t\t\t\t\t\t<\/div>\n\t\t\t\t<\/div>\n\t\t\t\t<div class=\"elementor-element elementor-element-efe3860 elementor-widget elementor-widget-heading\" data-id=\"efe3860\" data-element_type=\"widget\" data-e-type=\"widget\" data-widget_type=\"heading.default\">\n\t\t\t\t<div class=\"elementor-widget-container\">\n\t\t\t\t\t<h2 class=\"elementor-heading-title elementor-size-default\">Kitchen in Scandinavian style  <\/h2>\t\t\t\t<\/div>\n\t\t\t\t<\/div>\n\t\t\t\t<div class=\"elementor-element elementor-element-75e9feb elementor-widget elementor-widget-image\" data-id=\"75e9feb\" data-element_type=\"widget\" data-e-type=\"widget\" data-widget_type=\"image.default\">\n\t\t\t\t<div class=\"elementor-widget-container\">\n\t\t\t\t\t\t\t\t\t\t\t\t\t\t\t\t<a href=\"https:\/\/interiumpro.cz\/wp-content\/uploads\/2023\/12\/kuchyne-v-skandinavskem-stylu-4.jpg\" data-elementor-open-lightbox=\"yes\" data-e-action-hash=\"#elementor-action%3Aaction%3Dlightbox%26settings%3DeyJpZCI6MTI1NDMsInVybCI6Imh0dHBzOlwvXC9pbnRlcml1bXByby5jelwvd3AtY29udGVudFwvdXBsb2Fkc1wvMjAyM1wvMTJcL2t1Y2h5bmUtdi1za2FuZGluYXZza2VtLXN0eWx1LTQuanBnIn0%3D\">\n\t\t\t\t\t\t\t<img loading=\"lazy\" decoding=\"async\" width=\"800\" height=\"450\" src=\"https:\/\/interiumpro.cz\/wp-content\/uploads\/2023\/12\/kuchyne-v-skandinavskem-stylu-4.jpg\" class=\"attachment-full size-full wp-image-12543\" alt=\"\" srcset=\"https:\/\/interiumpro.cz\/wp-content\/uploads\/2023\/12\/kuchyne-v-skandinavskem-stylu-4.jpg 800w, https:\/\/interiumpro.cz\/wp-content\/uploads\/2023\/12\/kuchyne-v-skandinavskem-stylu-4-300x169.jpg 300w, https:\/\/interiumpro.cz\/wp-content\/uploads\/2023\/12\/kuchyne-v-skandinavskem-stylu-4-768x432.jpg 768w\" sizes=\"(max-width: 800px) 100vw, 800px\" \/>\t\t\t\t\t\t\t\t<\/a>\n\t\t\t\t\t\t\t\t\t\t\t\t\t\t\t<\/div>\n\t\t\t\t<\/div>\n\t\t\t\t<div class=\"elementor-element elementor-element-6e90b71 elementor-widget elementor-widget-image\" data-id=\"6e90b71\" data-element_type=\"widget\" data-e-type=\"widget\" data-widget_type=\"image.default\">\n\t\t\t\t<div class=\"elementor-widget-container\">\n\t\t\t\t\t\t\t\t\t\t\t\t\t\t\t\t<a href=\"https:\/\/interiumpro.cz\/wp-content\/uploads\/2023\/12\/obyvaci-pokoj-v-skandinavskem-stylu1.jpg\" data-elementor-open-lightbox=\"yes\" data-e-action-hash=\"#elementor-action%3Aaction%3Dlightbox%26settings%3DeyJpZCI6MTI1NDYsInVybCI6Imh0dHBzOlwvXC9pbnRlcml1bXByby5jelwvd3AtY29udGVudFwvdXBsb2Fkc1wvMjAyM1wvMTJcL29ieXZhY2ktcG9rb2otdi1za2FuZGluYXZza2VtLXN0eWx1MS5qcGcifQ%3D%3D\">\n\t\t\t\t\t\t\t<img loading=\"lazy\" decoding=\"async\" width=\"800\" height=\"630\" src=\"https:\/\/interiumpro.cz\/wp-content\/uploads\/2023\/12\/obyvaci-pokoj-v-skandinavskem-stylu1.jpg\" class=\"attachment-full size-full wp-image-12546\" alt=\"\" srcset=\"https:\/\/interiumpro.cz\/wp-content\/uploads\/2023\/12\/obyvaci-pokoj-v-skandinavskem-stylu1.jpg 800w, https:\/\/interiumpro.cz\/wp-content\/uploads\/2023\/12\/obyvaci-pokoj-v-skandinavskem-stylu1-300x236.jpg 300w, https:\/\/interiumpro.cz\/wp-content\/uploads\/2023\/12\/obyvaci-pokoj-v-skandinavskem-stylu1-768x605.jpg 768w\" sizes=\"(max-width: 800px) 100vw, 800px\" \/>\t\t\t\t\t\t\t\t<\/a>\n\t\t\t\t\t\t\t\t\t\t\t\t\t\t\t<\/div>\n\t\t\t\t<\/div>\n\t\t\t\t<div class=\"elementor-element elementor-element-8e3d7fa elementor-widget elementor-widget-image\" data-id=\"8e3d7fa\" data-element_type=\"widget\" data-e-type=\"widget\" data-widget_type=\"image.default\">\n\t\t\t\t<div class=\"elementor-widget-container\">\n\t\t\t\t\t\t\t\t\t\t\t\t\t\t\t\t<a href=\"https:\/\/interiumpro.cz\/wp-content\/uploads\/2023\/12\/kuchyne-v-skandinavskem-stylu1.jpg\" data-elementor-open-lightbox=\"yes\" data-e-action-hash=\"#elementor-action%3Aaction%3Dlightbox%26settings%3DeyJpZCI6MTI1NDksInVybCI6Imh0dHBzOlwvXC9pbnRlcml1bXByby5jelwvd3AtY29udGVudFwvdXBsb2Fkc1wvMjAyM1wvMTJcL2t1Y2h5bmUtdi1za2FuZGluYXZza2VtLXN0eWx1MS5qcGcifQ%3D%3D\">\n\t\t\t\t\t\t\t<img loading=\"lazy\" decoding=\"async\" width=\"800\" height=\"541\" src=\"https:\/\/interiumpro.cz\/wp-content\/uploads\/2023\/12\/kuchyne-v-skandinavskem-stylu1.jpg\" class=\"attachment-full size-full wp-image-12549\" alt=\"Kuchyn\u011b pod schodi\u0161t\u011bm\" srcset=\"https:\/\/interiumpro.cz\/wp-content\/uploads\/2023\/12\/kuchyne-v-skandinavskem-stylu1.jpg 800w, https:\/\/interiumpro.cz\/wp-content\/uploads\/2023\/12\/kuchyne-v-skandinavskem-stylu1-300x203.jpg 300w, https:\/\/interiumpro.cz\/wp-content\/uploads\/2023\/12\/kuchyne-v-skandinavskem-stylu1-768x519.jpg 768w\" sizes=\"(max-width: 800px) 100vw, 800px\" \/>\t\t\t\t\t\t\t\t<\/a>\n\t\t\t\t\t\t\t\t\t\t\t\t\t\t\t<\/div>\n\t\t\t\t<\/div>\n\t\t\t\t<div class=\"elementor-element elementor-element-fc2ab1e elementor-widget elementor-widget-image\" data-id=\"fc2ab1e\" data-element_type=\"widget\" data-e-type=\"widget\" data-widget_type=\"image.default\">\n\t\t\t\t<div class=\"elementor-widget-container\">\n\t\t\t\t\t\t\t\t\t\t\t\t\t\t\t\t<a href=\"https:\/\/interiumpro.cz\/wp-content\/uploads\/2023\/12\/kuchyne-v-skandinavskem-stylu3.jpg\" data-elementor-open-lightbox=\"yes\" data-e-action-hash=\"#elementor-action%3Aaction%3Dlightbox%26settings%3DeyJpZCI6MTI1NTIsInVybCI6Imh0dHBzOlwvXC9pbnRlcml1bXByby5jelwvd3AtY29udGVudFwvdXBsb2Fkc1wvMjAyM1wvMTJcL2t1Y2h5bmUtdi1za2FuZGluYXZza2VtLXN0eWx1My5qcGcifQ%3D%3D\">\n\t\t\t\t\t\t\t<img loading=\"lazy\" decoding=\"async\" width=\"800\" height=\"450\" src=\"https:\/\/interiumpro.cz\/wp-content\/uploads\/2023\/12\/kuchyne-v-skandinavskem-stylu3.jpg\" class=\"attachment-full size-full wp-image-12552\" alt=\"Kuchyn\u011b pod schodi\u0161t\u011bm\" srcset=\"https:\/\/interiumpro.cz\/wp-content\/uploads\/2023\/12\/kuchyne-v-skandinavskem-stylu3.jpg 800w, https:\/\/interiumpro.cz\/wp-content\/uploads\/2023\/12\/kuchyne-v-skandinavskem-stylu3-300x169.jpg 300w, https:\/\/interiumpro.cz\/wp-content\/uploads\/2023\/12\/kuchyne-v-skandinavskem-stylu3-768x432.jpg 768w\" sizes=\"(max-width: 800px) 100vw, 800px\" \/>\t\t\t\t\t\t\t\t<\/a>\n\t\t\t\t\t\t\t\t\t\t\t\t\t\t\t<\/div>\n\t\t\t\t<\/div>\n\t\t\t\t<div class=\"elementor-element elementor-element-b415f2f elementor-widget elementor-widget-heading\" data-id=\"b415f2f\" data-element_type=\"widget\" data-e-type=\"widget\" data-widget_type=\"heading.default\">\n\t\t\t\t<div class=\"elementor-widget-container\">\n\t\t\t\t\t<h2 class=\"elementor-heading-title elementor-size-default\">Lobby <\/h2>\t\t\t\t<\/div>\n\t\t\t\t<\/div>\n\t\t\t\t<div class=\"elementor-element elementor-element-9497f12 elementor-widget elementor-widget-image\" data-id=\"9497f12\" data-element_type=\"widget\" data-e-type=\"widget\" data-widget_type=\"image.default\">\n\t\t\t\t<div class=\"elementor-widget-container\">\n\t\t\t\t\t\t\t\t\t\t\t\t\t\t\t\t<a href=\"https:\/\/interiumpro.cz\/wp-content\/uploads\/2023\/12\/moderni-predsin-1.jpg\" data-elementor-open-lightbox=\"yes\" data-e-action-hash=\"#elementor-action%3Aaction%3Dlightbox%26settings%3DeyJpZCI6MTI2MDksInVybCI6Imh0dHBzOlwvXC9pbnRlcml1bXByby5jelwvd3AtY29udGVudFwvdXBsb2Fkc1wvMjAyM1wvMTJcL21vZGVybmktcHJlZHNpbi0xLmpwZyJ9\">\n\t\t\t\t\t\t\t<img loading=\"lazy\" decoding=\"async\" width=\"1000\" height=\"562\" src=\"https:\/\/interiumpro.cz\/wp-content\/uploads\/2023\/12\/moderni-predsin-1.jpg\" class=\"attachment-full size-full wp-image-12609\" alt=\"p\u0159eds\u00ed\u0148ov\u00e1 st\u011bna na m\u00edru\" srcset=\"https:\/\/interiumpro.cz\/wp-content\/uploads\/2023\/12\/moderni-predsin-1.jpg 1000w, https:\/\/interiumpro.cz\/wp-content\/uploads\/2023\/12\/moderni-predsin-1-300x169.jpg 300w, https:\/\/interiumpro.cz\/wp-content\/uploads\/2023\/12\/moderni-predsin-1-768x432.jpg 768w\" sizes=\"(max-width: 1000px) 100vw, 1000px\" \/>\t\t\t\t\t\t\t\t<\/a>\n\t\t\t\t\t\t\t\t\t\t\t\t\t\t\t<\/div>\n\t\t\t\t<\/div>\n\t\t\t\t<div class=\"elementor-element elementor-element-8208a2b elementor-widget elementor-widget-image\" data-id=\"8208a2b\" data-element_type=\"widget\" data-e-type=\"widget\" data-widget_type=\"image.default\">\n\t\t\t\t<div class=\"elementor-widget-container\">\n\t\t\t\t\t\t\t\t\t\t\t\t\t\t\t\t<a href=\"https:\/\/interiumpro.cz\/wp-content\/uploads\/2023\/12\/moderni-predsin-3.jpg\" data-elementor-open-lightbox=\"yes\" data-e-action-hash=\"#elementor-action%3Aaction%3Dlightbox%26settings%3DeyJpZCI6MTI2MTUsInVybCI6Imh0dHBzOlwvXC9pbnRlcml1bXByby5jelwvd3AtY29udGVudFwvdXBsb2Fkc1wvMjAyM1wvMTJcL21vZGVybmktcHJlZHNpbi0zLmpwZyJ9\">\n\t\t\t\t\t\t\t<img loading=\"lazy\" decoding=\"async\" width=\"1000\" height=\"807\" src=\"https:\/\/interiumpro.cz\/wp-content\/uploads\/2023\/12\/moderni-predsin-3.jpg\" class=\"attachment-full size-full wp-image-12615\" alt=\"p\u0159eds\u00ed\u0148ov\u00e1 st\u011bna inspirace\" srcset=\"https:\/\/interiumpro.cz\/wp-content\/uploads\/2023\/12\/moderni-predsin-3.jpg 1000w, https:\/\/interiumpro.cz\/wp-content\/uploads\/2023\/12\/moderni-predsin-3-300x242.jpg 300w, https:\/\/interiumpro.cz\/wp-content\/uploads\/2023\/12\/moderni-predsin-3-768x620.jpg 768w\" sizes=\"(max-width: 1000px) 100vw, 1000px\" \/>\t\t\t\t\t\t\t\t<\/a>\n\t\t\t\t\t\t\t\t\t\t\t\t\t\t\t<\/div>\n\t\t\t\t<\/div>\n\t\t\t\t<div class=\"elementor-element elementor-element-f060b78 elementor-widget elementor-widget-image\" data-id=\"f060b78\" data-element_type=\"widget\" data-e-type=\"widget\" data-widget_type=\"image.default\">\n\t\t\t\t<div class=\"elementor-widget-container\">\n\t\t\t\t\t\t\t\t\t\t\t\t\t\t\t\t<a href=\"https:\/\/interiumpro.cz\/wp-content\/uploads\/2023\/12\/moderni-predsin.jpg\" data-elementor-open-lightbox=\"yes\" data-e-action-hash=\"#elementor-action%3Aaction%3Dlightbox%26settings%3DeyJpZCI6MTI2MTgsInVybCI6Imh0dHBzOlwvXC9pbnRlcml1bXByby5jelwvd3AtY29udGVudFwvdXBsb2Fkc1wvMjAyM1wvMTJcL21vZGVybmktcHJlZHNpbi5qcGcifQ%3D%3D\">\n\t\t\t\t\t\t\t<img loading=\"lazy\" decoding=\"async\" width=\"1000\" height=\"823\" src=\"https:\/\/interiumpro.cz\/wp-content\/uploads\/2023\/12\/moderni-predsin.jpg\" class=\"attachment-full size-full wp-image-12618\" alt=\"n\u00e1vrh p\u0159eds\u00edn\u011b\" srcset=\"https:\/\/interiumpro.cz\/wp-content\/uploads\/2023\/12\/moderni-predsin.jpg 1000w, https:\/\/interiumpro.cz\/wp-content\/uploads\/2023\/12\/moderni-predsin-300x247.jpg 300w, https:\/\/interiumpro.cz\/wp-content\/uploads\/2023\/12\/moderni-predsin-768x632.jpg 768w\" sizes=\"(max-width: 1000px) 100vw, 1000px\" \/>\t\t\t\t\t\t\t\t<\/a>\n\t\t\t\t\t\t\t\t\t\t\t\t\t\t\t<\/div>\n\t\t\t\t<\/div>\n\t\t\t\t<div class=\"elementor-element elementor-element-fedc1fd elementor-widget elementor-widget-image\" data-id=\"fedc1fd\" data-element_type=\"widget\" data-e-type=\"widget\" data-widget_type=\"image.default\">\n\t\t\t\t<div class=\"elementor-widget-container\">\n\t\t\t\t\t\t\t\t\t\t\t\t\t\t\t\t<a href=\"https:\/\/interiumpro.cz\/wp-content\/uploads\/2023\/12\/moderni-predsin-2.jpg\" data-elementor-open-lightbox=\"yes\" data-e-action-hash=\"#elementor-action%3Aaction%3Dlightbox%26settings%3DeyJpZCI6MTI2MTIsInVybCI6Imh0dHBzOlwvXC9pbnRlcml1bXByby5jelwvd3AtY29udGVudFwvdXBsb2Fkc1wvMjAyM1wvMTJcL21vZGVybmktcHJlZHNpbi0yLmpwZyJ9\">\n\t\t\t\t\t\t\t<img loading=\"lazy\" decoding=\"async\" width=\"1000\" height=\"871\" src=\"https:\/\/interiumpro.cz\/wp-content\/uploads\/2023\/12\/moderni-predsin-2.jpg\" class=\"attachment-full size-full wp-image-12612\" alt=\"p\u0159eds\u00ed\u0148ov\u00e1 st\u011bna inspirace\" srcset=\"https:\/\/interiumpro.cz\/wp-content\/uploads\/2023\/12\/moderni-predsin-2.jpg 1000w, https:\/\/interiumpro.cz\/wp-content\/uploads\/2023\/12\/moderni-predsin-2-300x261.jpg 300w, https:\/\/interiumpro.cz\/wp-content\/uploads\/2023\/12\/moderni-predsin-2-768x669.jpg 768w\" sizes=\"(max-width: 1000px) 100vw, 1000px\" \/>\t\t\t\t\t\t\t\t<\/a>\n\t\t\t\t\t\t\t\t\t\t\t\t\t\t\t<\/div>\n\t\t\t\t<\/div>\n\t\t\t\t\t<\/div>\n\t\t<\/div>\n\t\t\t\t<div class=\"elementor-column elementor-col-33 elementor-top-column elementor-element elementor-element-67eb1c92\" data-id=\"67eb1c92\" data-element_type=\"column\" data-e-type=\"column\" data-settings=\"{&quot;motion_fx_motion_fx_scrolling&quot;:&quot;yes&quot;,&quot;motion_fx_devices&quot;:[&quot;desktop&quot;,&quot;tablet&quot;,&quot;mobile&quot;]}\">\n\t\t\t<div class=\"elementor-widget-wrap elementor-element-populated\">\n\t\t\t\t\t\t<div class=\"elementor-element elementor-element-3a98c693 elementor-widget elementor-widget-heading\" data-id=\"3a98c693\" data-element_type=\"widget\" data-e-type=\"widget\" data-widget_type=\"heading.default\">\n\t\t\t\t<div class=\"elementor-widget-container\">\n\t\t\t\t\t<h2 class=\"elementor-heading-title elementor-size-default\">Interior design of an apartment in a new building  <\/h2>\t\t\t\t<\/div>\n\t\t\t\t<\/div>\n\t\t\t\t<div class=\"elementor-element elementor-element-d77dab elementor-widget elementor-widget-text-editor\" data-id=\"d77dab\" data-element_type=\"widget\" data-e-type=\"widget\" data-widget_type=\"text-editor.default\">\n\t\t\t\t<div class=\"elementor-widget-container\">\n\t\t\t\t\t\t\t\t\t<p><span style=\"font-weight: 400;\">In this beautiful apartment with Scandinavian charm and modern design, you start in the bright living area. White walls create a light and airy feel, which is accentuated by the pleasant light streaming in through the large windows. The focal point is the fireplace, which adds a cosy and natural element to the space.  <\/span><\/p>\n<p><span style=\"font-weight: 400;\">Comfortable furniture with simple lines creates a modern living area. The grey and light blue tones of the armchairs and sofas are combined with natural fabrics such as cotton and linen used for the cushions. They create a space for relaxation and well-being.  <\/span><\/p>\n<p><span style=\"font-weight: 400;\">The kitchen, elegantly hidden under the staircase, impresses with its bright colours and simple design. Modern appliances and a functional layout ensure practicality. The combination of light green surfaces and dark worktops creates a clean and harmonious look.  <\/span><\/p>\n<p><span style=\"font-weight: 400;\">Under the staircase has been maximized for storage space. Cupboards and built-in shelves provide ample space to store items, helping to keep the interior clean and organised. <\/span><\/p>\n<p><span style=\"font-weight: 400;\">This interior creates a combination of simplicity, elegance and practicality that ideally suits the needs of a young couple who can enjoy a harmonious life in Scandinavian design.<\/span><\/p>\n\t\t\t\t\t\t\t\t<\/div>\n\t\t\t\t<\/div>\n\t\t\t\t<div class=\"elementor-element elementor-element-44a809e4 elementor-widget elementor-widget-heading\" data-id=\"44a809e4\" data-element_type=\"widget\" data-e-type=\"widget\" data-widget_type=\"heading.default\">\n\t\t\t\t<div class=\"elementor-widget-container\">\n\t\t\t\t\t<h2 class=\"elementor-heading-title elementor-size-default\">What can we offer you?<\/h2>\t\t\t\t<\/div>\n\t\t\t\t<\/div>\n\t\t\t\t<div class=\"elementor-element elementor-element-2fb7f240 elementor-widget__width-initial elementor-widget elementor-widget-global elementor-global-19304 elementor-global-19080 elementor-widget-text-editor\" data-id=\"2fb7f240\" data-element_type=\"widget\" data-e-type=\"widget\" data-widget_type=\"text-editor.default\">\n\t\t\t\t<div class=\"elementor-widget-container\">\n\t\t\t\t\t\t\t\t\t<p>Our <a href=\"https:\/\/interiumpro.cz\/en\/about-us\/\">interior designers<\/a> will create a home exactly to your liking &#8211; from the complete interior to individual rooms such as the living room, kitchen, children&#8217;s room, study or bedroom.<\/p><p>Is this a renovation or a new build? We will take care of <a href=\"https:\/\/interiumpro.cz\/blog-o-interierovem-designu\/autorsky-dohled-nad-realizaci-interieru\/\">the interior design<\/a>, production documents, organization, purchasing and supervision of craftsmen. <\/p><p>If you want, we can take the entire interior realization into our own hands and complete it in accordance with the project with an emphasis on quality and reliability.<\/p>\t\t\t\t\t\t\t\t<\/div>\n\t\t\t\t<\/div>\n\t\t\t\t\t<\/div>\n\t\t<\/div>\n\t\t\t\t\t<\/div>\n\t\t<\/section>\n\t\t\t\t<section class=\"elementor-section elementor-top-section elementor-element elementor-element-480b587f elementor-section-stretched elementor-reverse-mobile elementor-section-boxed elementor-section-height-default elementor-section-height-default\" data-id=\"480b587f\" data-element_type=\"section\" data-e-type=\"section\" data-settings=\"{&quot;stretch_section&quot;:&quot;section-stretched&quot;}\">\n\t\t\t\t\t\t<div class=\"elementor-container elementor-column-gap-wide\">\n\t\t\t\t\t<div class=\"elementor-column elementor-col-100 elementor-top-column elementor-element elementor-element-44372871\" data-id=\"44372871\" data-element_type=\"column\" data-e-type=\"column\">\n\t\t\t<div class=\"elementor-widget-wrap elementor-element-populated\">\n\t\t\t\t\t\t<div class=\"elementor-element elementor-element-23beaa75 elementor-widget elementor-widget-heading\" data-id=\"23beaa75\" data-element_type=\"widget\" data-e-type=\"widget\" data-widget_type=\"heading.default\">\n\t\t\t\t<div class=\"elementor-widget-container\">\n\t\t\t\t\t<h2 class=\"elementor-heading-title elementor-size-default\">Check out our latest projects<\/h2>\t\t\t\t<\/div>\n\t\t\t\t<\/div>\n\t\t\t\t\t<\/div>\n\t\t<\/div>\n\t\t\t\t\t<\/div>\n\t\t<\/section>\n\t\t\t\t<section class=\"elementor-section elementor-top-section elementor-element elementor-element-e828502 elementor-section-stretched elementor-section-boxed elementor-section-height-default elementor-section-height-default\" data-id=\"e828502\" data-element_type=\"section\" data-e-type=\"section\" data-settings=\"{&quot;stretch_section&quot;:&quot;section-stretched&quot;}\">\n\t\t\t\t\t\t<div class=\"elementor-container elementor-column-gap-default\">\n\t\t\t\t\t<div class=\"elementor-column elementor-col-100 elementor-top-column elementor-element elementor-element-7b5c59fa\" data-id=\"7b5c59fa\" data-element_type=\"column\" data-e-type=\"column\">\n\t\t\t<div class=\"elementor-widget-wrap elementor-element-populated\">\n\t\t\t\t\t\t<div class=\"elementor-element elementor-element-74529a2d elementor-grid-4 elementor-posts--thumbnail-top elementor-grid-tablet-2 elementor-grid-mobile-1 elementor-widget elementor-widget-posts\" data-id=\"74529a2d\" data-element_type=\"widget\" data-e-type=\"widget\" data-settings=\"{&quot;custom_columns&quot;:&quot;4&quot;,&quot;custom_row_gap&quot;:{&quot;unit&quot;:&quot;px&quot;,&quot;size&quot;:15,&quot;sizes&quot;:[]},&quot;custom_columns_tablet&quot;:&quot;2&quot;,&quot;custom_columns_mobile&quot;:&quot;1&quot;,&quot;custom_row_gap_tablet&quot;:{&quot;unit&quot;:&quot;px&quot;,&quot;size&quot;:&quot;&quot;,&quot;sizes&quot;:[]},&quot;custom_row_gap_mobile&quot;:{&quot;unit&quot;:&quot;px&quot;,&quot;size&quot;:&quot;&quot;,&quot;sizes&quot;:[]}}\" data-widget_type=\"posts.custom\">\n\t\t\t\t<div class=\"elementor-widget-container\">\n\t\t\t\t\t      <div class=\"ecs-posts elementor-posts-container elementor-posts   elementor-grid elementor-posts--skin-custom\" data-settings=\"{&quot;current_page&quot;:1,&quot;max_num_pages&quot;:0,&quot;load_method&quot;:&quot;loadmore&quot;,&quot;widget_id&quot;:&quot;74529a2d&quot;,&quot;post_id&quot;:21452,&quot;theme_id&quot;:21452,&quot;change_url&quot;:false,&quot;reinit_js&quot;:false}\">\n      <div class=\"elementor-posts-nothing-found\"><\/div>\t\t<\/div>\n\t\t\t\t\t\t<\/div>\n\t\t\t\t<\/div>\n\t\t\t\t\t<\/div>\n\t\t<\/div>\n\t\t\t\t\t<\/div>\n\t\t<\/section>\n\t\t\t\t<\/div>\n\t\t","protected":false},"excerpt":{"rendered":"<p>In this beautiful apartment with Scandinavian charm and modern design, you start in the bright living area. The focal point is the fireplace, which adds a cosy and natural element to the place. <\/p>\n","protected":false},"author":1,"featured_media":12518,"comment_status":"closed","ping_status":"closed","sticky":false,"template":"","format":"standard","meta":{"footnotes":""},"categories":[120],"tags":[129],"class_list":["post-21452","post","type-post","status-publish","format-standard","has-post-thumbnail","hentry","category-interior-design-of-apartments-and-houses","tag-the-best-interior-designs"],"yoast_head":"<!-- This site is optimized with the Yoast SEO Premium plugin v27.4 (Yoast SEO v27.4) - https:\/\/yoast.com\/product\/yoast-seo-premium-wordpress\/ -->\n<title>Interior design of an apartment in Scandinavian style &#8211; Interior Design<\/title>\n<meta name=\"description\" content=\"Interior design of the apartment in Scandinavian style. Inspiration of modern living.\" \/>\n<meta name=\"robots\" content=\"index, follow, max-snippet:-1, max-image-preview:large, max-video-preview:-1\" \/>\n<link rel=\"canonical\" href=\"https:\/\/interiumpro.cz\/en\/interior-design-of-apartments-and-houses\/interior-design-inspiration-scandinavian-style\/\" \/>\n<meta property=\"og:locale\" content=\"en_US\" \/>\n<meta property=\"og:type\" content=\"article\" \/>\n<meta property=\"og:title\" content=\"Interior design of an apartment in Scandinavian style\" \/>\n<meta property=\"og:description\" content=\"Interior design of the apartment in Scandinavian style. Inspiration of modern living.\" \/>\n<meta property=\"og:url\" content=\"https:\/\/interiumpro.cz\/en\/interior-design-of-apartments-and-houses\/interior-design-inspiration-scandinavian-style\/\" \/>\n<meta property=\"og:site_name\" content=\"Interior Design\" \/>\n<meta property=\"article:publisher\" content=\"https:\/\/www.facebook.com\/interiumpro.cz\/\" \/>\n<meta property=\"article:published_time\" content=\"2025-01-25T15:21:24+00:00\" \/>\n<meta property=\"article:modified_time\" content=\"2025-01-25T15:21:26+00:00\" \/>\n<meta property=\"og:image\" content=\"https:\/\/interiumpro.cz\/wp-content\/uploads\/2023\/12\/main1.jpg\" \/>\n\t<meta property=\"og:image:width\" content=\"613\" \/>\n\t<meta property=\"og:image:height\" content=\"500\" \/>\n\t<meta property=\"og:image:type\" content=\"image\/jpeg\" \/>\n<meta name=\"author\" content=\"intadmin\" \/>\n<meta name=\"twitter:card\" content=\"summary_large_image\" \/>\n<meta name=\"twitter:label1\" content=\"Written by\" \/>\n\t<meta name=\"twitter:data1\" content=\"intadmin\" \/>\n\t<meta name=\"twitter:label2\" content=\"Est. reading time\" \/>\n\t<meta name=\"twitter:data2\" content=\"2 minutes\" \/>\n<script type=\"application\/ld+json\" class=\"yoast-schema-graph\">{\"@context\":\"https:\\\/\\\/schema.org\",\"@graph\":[{\"@type\":\"Article\",\"@id\":\"https:\\\/\\\/interiumpro.cz\\\/en\\\/interior-design-of-apartments-and-houses\\\/interior-design-inspiration-scandinavian-style\\\/#article\",\"isPartOf\":{\"@id\":\"https:\\\/\\\/interiumpro.cz\\\/en\\\/interior-design-of-apartments-and-houses\\\/interior-design-inspiration-scandinavian-style\\\/\"},\"author\":{\"name\":\"intadmin\",\"@id\":\"https:\\\/\\\/interiumpro.cz\\\/en\\\/#\\\/schema\\\/person\\\/873c9dcbf5578b6966ddbab211176470\"},\"headline\":\"Interior design of an apartment in Scandinavian style\",\"datePublished\":\"2025-01-25T15:21:24+00:00\",\"dateModified\":\"2025-01-25T15:21:26+00:00\",\"mainEntityOfPage\":{\"@id\":\"https:\\\/\\\/interiumpro.cz\\\/en\\\/interior-design-of-apartments-and-houses\\\/interior-design-inspiration-scandinavian-style\\\/\"},\"wordCount\":325,\"publisher\":{\"@id\":\"https:\\\/\\\/interiumpro.cz\\\/en\\\/#organization\"},\"image\":{\"@id\":\"https:\\\/\\\/interiumpro.cz\\\/en\\\/interior-design-of-apartments-and-houses\\\/interior-design-inspiration-scandinavian-style\\\/#primaryimage\"},\"thumbnailUrl\":\"https:\\\/\\\/interiumpro.cz\\\/wp-content\\\/uploads\\\/2023\\\/12\\\/main1.jpg\",\"keywords\":[\"The best interior designs\"],\"articleSection\":[\"Interior design of apartments and houses\"],\"inLanguage\":\"en-US\"},{\"@type\":\"WebPage\",\"@id\":\"https:\\\/\\\/interiumpro.cz\\\/en\\\/interior-design-of-apartments-and-houses\\\/interior-design-inspiration-scandinavian-style\\\/\",\"url\":\"https:\\\/\\\/interiumpro.cz\\\/en\\\/interior-design-of-apartments-and-houses\\\/interior-design-inspiration-scandinavian-style\\\/\",\"name\":\"Interior design of an apartment in Scandinavian style &#8211; Interior Design\",\"isPartOf\":{\"@id\":\"https:\\\/\\\/interiumpro.cz\\\/en\\\/#website\"},\"primaryImageOfPage\":{\"@id\":\"https:\\\/\\\/interiumpro.cz\\\/en\\\/interior-design-of-apartments-and-houses\\\/interior-design-inspiration-scandinavian-style\\\/#primaryimage\"},\"image\":{\"@id\":\"https:\\\/\\\/interiumpro.cz\\\/en\\\/interior-design-of-apartments-and-houses\\\/interior-design-inspiration-scandinavian-style\\\/#primaryimage\"},\"thumbnailUrl\":\"https:\\\/\\\/interiumpro.cz\\\/wp-content\\\/uploads\\\/2023\\\/12\\\/main1.jpg\",\"datePublished\":\"2025-01-25T15:21:24+00:00\",\"dateModified\":\"2025-01-25T15:21:26+00:00\",\"description\":\"Interior design of the apartment in Scandinavian style. Inspiration of modern living.\",\"breadcrumb\":{\"@id\":\"https:\\\/\\\/interiumpro.cz\\\/en\\\/interior-design-of-apartments-and-houses\\\/interior-design-inspiration-scandinavian-style\\\/#breadcrumb\"},\"inLanguage\":\"en-US\",\"potentialAction\":[{\"@type\":\"ReadAction\",\"target\":[\"https:\\\/\\\/interiumpro.cz\\\/en\\\/interior-design-of-apartments-and-houses\\\/interior-design-inspiration-scandinavian-style\\\/\"]}]},{\"@type\":\"ImageObject\",\"inLanguage\":\"en-US\",\"@id\":\"https:\\\/\\\/interiumpro.cz\\\/en\\\/interior-design-of-apartments-and-houses\\\/interior-design-inspiration-scandinavian-style\\\/#primaryimage\",\"url\":\"https:\\\/\\\/interiumpro.cz\\\/wp-content\\\/uploads\\\/2023\\\/12\\\/main1.jpg\",\"contentUrl\":\"https:\\\/\\\/interiumpro.cz\\\/wp-content\\\/uploads\\\/2023\\\/12\\\/main1.jpg\",\"width\":613,\"height\":500,\"caption\":\"ob\u00fdvac\u00ed pokoj s kuchyn\u00ed a j\u00eddelnou\"},{\"@type\":\"BreadcrumbList\",\"@id\":\"https:\\\/\\\/interiumpro.cz\\\/en\\\/interior-design-of-apartments-and-houses\\\/interior-design-inspiration-scandinavian-style\\\/#breadcrumb\",\"itemListElement\":[{\"@type\":\"ListItem\",\"position\":1,\"name\":\"Dom\u016f\",\"item\":\"https:\\\/\\\/interiumpro.cz\\\/en\\\/\"},{\"@type\":\"ListItem\",\"position\":2,\"name\":\"Uncategorized\",\"item\":\"https:\\\/\\\/interiumpro.cz\\\/en\\\/navrhy-interieru\\\/uncategorized\\\/\"},{\"@type\":\"ListItem\",\"position\":3,\"name\":\"Interior design of an apartment in Scandinavian style\"}]},{\"@type\":\"WebSite\",\"@id\":\"https:\\\/\\\/interiumpro.cz\\\/en\\\/#website\",\"url\":\"https:\\\/\\\/interiumpro.cz\\\/en\\\/\",\"name\":\"Interium N\u00e1vrhy Interi\u00e9r\u016f\",\"description\":\"Interium - Praha\",\"publisher\":{\"@id\":\"https:\\\/\\\/interiumpro.cz\\\/en\\\/#organization\"},\"alternateName\":\"N\u00e1vrhy Interi\u00e9r\u016f\",\"potentialAction\":[{\"@type\":\"SearchAction\",\"target\":{\"@type\":\"EntryPoint\",\"urlTemplate\":\"https:\\\/\\\/interiumpro.cz\\\/en\\\/?s={search_term_string}\"},\"query-input\":{\"@type\":\"PropertyValueSpecification\",\"valueRequired\":true,\"valueName\":\"search_term_string\"}}],\"inLanguage\":\"en-US\"},{\"@type\":\"Organization\",\"@id\":\"https:\\\/\\\/interiumpro.cz\\\/en\\\/#organization\",\"name\":\"InteriumPro N\u00e1vrhy Interi\u00e9r\u016f\",\"alternateName\":\"N\u00e1vrhy Interi\u00e9r\u016f\",\"url\":\"https:\\\/\\\/interiumpro.cz\\\/en\\\/\",\"logo\":{\"@type\":\"ImageObject\",\"inLanguage\":\"en-US\",\"@id\":\"https:\\\/\\\/interiumpro.cz\\\/en\\\/#\\\/schema\\\/logo\\\/image\\\/\",\"url\":\"https:\\\/\\\/interiumpro.cz\\\/wp-content\\\/uploads\\\/2020\\\/04\\\/cropped-logo-interium14-1024x292-1.png\",\"contentUrl\":\"https:\\\/\\\/interiumpro.cz\\\/wp-content\\\/uploads\\\/2020\\\/04\\\/cropped-logo-interium14-1024x292-1.png\",\"width\":1022,\"height\":292,\"caption\":\"InteriumPro N\u00e1vrhy Interi\u00e9r\u016f\"},\"image\":{\"@id\":\"https:\\\/\\\/interiumpro.cz\\\/en\\\/#\\\/schema\\\/logo\\\/image\\\/\"},\"sameAs\":[\"https:\\\/\\\/www.facebook.com\\\/interiumpro.cz\\\/\"]},{\"@type\":\"Person\",\"@id\":\"https:\\\/\\\/interiumpro.cz\\\/en\\\/#\\\/schema\\\/person\\\/873c9dcbf5578b6966ddbab211176470\",\"name\":\"intadmin\"}]}<\/script>\n<!-- \/ Yoast SEO Premium plugin. -->","yoast_head_json":{"title":"Interior design of an apartment in Scandinavian style &#8211; Interior Design","description":"Interior design of the apartment in Scandinavian style. Inspiration of modern living.","robots":{"index":"index","follow":"follow","max-snippet":"max-snippet:-1","max-image-preview":"max-image-preview:large","max-video-preview":"max-video-preview:-1"},"canonical":"https:\/\/interiumpro.cz\/en\/interior-design-of-apartments-and-houses\/interior-design-inspiration-scandinavian-style\/","og_locale":"en_US","og_type":"article","og_title":"Interior design of an apartment in Scandinavian style","og_description":"Interior design of the apartment in Scandinavian style. Inspiration of modern living.","og_url":"https:\/\/interiumpro.cz\/en\/interior-design-of-apartments-and-houses\/interior-design-inspiration-scandinavian-style\/","og_site_name":"Interior Design","article_publisher":"https:\/\/www.facebook.com\/interiumpro.cz\/","article_published_time":"2025-01-25T15:21:24+00:00","article_modified_time":"2025-01-25T15:21:26+00:00","og_image":[{"width":613,"height":500,"url":"https:\/\/interiumpro.cz\/wp-content\/uploads\/2023\/12\/main1.jpg","type":"image\/jpeg"}],"author":"intadmin","twitter_card":"summary_large_image","twitter_misc":{"Written by":"intadmin","Est. reading time":"2 minutes"},"schema":{"@context":"https:\/\/schema.org","@graph":[{"@type":"Article","@id":"https:\/\/interiumpro.cz\/en\/interior-design-of-apartments-and-houses\/interior-design-inspiration-scandinavian-style\/#article","isPartOf":{"@id":"https:\/\/interiumpro.cz\/en\/interior-design-of-apartments-and-houses\/interior-design-inspiration-scandinavian-style\/"},"author":{"name":"intadmin","@id":"https:\/\/interiumpro.cz\/en\/#\/schema\/person\/873c9dcbf5578b6966ddbab211176470"},"headline":"Interior design of an apartment in Scandinavian style","datePublished":"2025-01-25T15:21:24+00:00","dateModified":"2025-01-25T15:21:26+00:00","mainEntityOfPage":{"@id":"https:\/\/interiumpro.cz\/en\/interior-design-of-apartments-and-houses\/interior-design-inspiration-scandinavian-style\/"},"wordCount":325,"publisher":{"@id":"https:\/\/interiumpro.cz\/en\/#organization"},"image":{"@id":"https:\/\/interiumpro.cz\/en\/interior-design-of-apartments-and-houses\/interior-design-inspiration-scandinavian-style\/#primaryimage"},"thumbnailUrl":"https:\/\/interiumpro.cz\/wp-content\/uploads\/2023\/12\/main1.jpg","keywords":["The best interior designs"],"articleSection":["Interior design of apartments and houses"],"inLanguage":"en-US"},{"@type":"WebPage","@id":"https:\/\/interiumpro.cz\/en\/interior-design-of-apartments-and-houses\/interior-design-inspiration-scandinavian-style\/","url":"https:\/\/interiumpro.cz\/en\/interior-design-of-apartments-and-houses\/interior-design-inspiration-scandinavian-style\/","name":"Interior design of an apartment in Scandinavian style &#8211; Interior Design","isPartOf":{"@id":"https:\/\/interiumpro.cz\/en\/#website"},"primaryImageOfPage":{"@id":"https:\/\/interiumpro.cz\/en\/interior-design-of-apartments-and-houses\/interior-design-inspiration-scandinavian-style\/#primaryimage"},"image":{"@id":"https:\/\/interiumpro.cz\/en\/interior-design-of-apartments-and-houses\/interior-design-inspiration-scandinavian-style\/#primaryimage"},"thumbnailUrl":"https:\/\/interiumpro.cz\/wp-content\/uploads\/2023\/12\/main1.jpg","datePublished":"2025-01-25T15:21:24+00:00","dateModified":"2025-01-25T15:21:26+00:00","description":"Interior design of the apartment in Scandinavian style. Inspiration of modern living.","breadcrumb":{"@id":"https:\/\/interiumpro.cz\/en\/interior-design-of-apartments-and-houses\/interior-design-inspiration-scandinavian-style\/#breadcrumb"},"inLanguage":"en-US","potentialAction":[{"@type":"ReadAction","target":["https:\/\/interiumpro.cz\/en\/interior-design-of-apartments-and-houses\/interior-design-inspiration-scandinavian-style\/"]}]},{"@type":"ImageObject","inLanguage":"en-US","@id":"https:\/\/interiumpro.cz\/en\/interior-design-of-apartments-and-houses\/interior-design-inspiration-scandinavian-style\/#primaryimage","url":"https:\/\/interiumpro.cz\/wp-content\/uploads\/2023\/12\/main1.jpg","contentUrl":"https:\/\/interiumpro.cz\/wp-content\/uploads\/2023\/12\/main1.jpg","width":613,"height":500,"caption":"ob\u00fdvac\u00ed pokoj s kuchyn\u00ed a j\u00eddelnou"},{"@type":"BreadcrumbList","@id":"https:\/\/interiumpro.cz\/en\/interior-design-of-apartments-and-houses\/interior-design-inspiration-scandinavian-style\/#breadcrumb","itemListElement":[{"@type":"ListItem","position":1,"name":"Dom\u016f","item":"https:\/\/interiumpro.cz\/en\/"},{"@type":"ListItem","position":2,"name":"Uncategorized","item":"https:\/\/interiumpro.cz\/en\/navrhy-interieru\/uncategorized\/"},{"@type":"ListItem","position":3,"name":"Interior design of an apartment in Scandinavian style"}]},{"@type":"WebSite","@id":"https:\/\/interiumpro.cz\/en\/#website","url":"https:\/\/interiumpro.cz\/en\/","name":"Interium N\u00e1vrhy Interi\u00e9r\u016f","description":"Interium - Praha","publisher":{"@id":"https:\/\/interiumpro.cz\/en\/#organization"},"alternateName":"N\u00e1vrhy Interi\u00e9r\u016f","potentialAction":[{"@type":"SearchAction","target":{"@type":"EntryPoint","urlTemplate":"https:\/\/interiumpro.cz\/en\/?s={search_term_string}"},"query-input":{"@type":"PropertyValueSpecification","valueRequired":true,"valueName":"search_term_string"}}],"inLanguage":"en-US"},{"@type":"Organization","@id":"https:\/\/interiumpro.cz\/en\/#organization","name":"InteriumPro N\u00e1vrhy Interi\u00e9r\u016f","alternateName":"N\u00e1vrhy Interi\u00e9r\u016f","url":"https:\/\/interiumpro.cz\/en\/","logo":{"@type":"ImageObject","inLanguage":"en-US","@id":"https:\/\/interiumpro.cz\/en\/#\/schema\/logo\/image\/","url":"https:\/\/interiumpro.cz\/wp-content\/uploads\/2020\/04\/cropped-logo-interium14-1024x292-1.png","contentUrl":"https:\/\/interiumpro.cz\/wp-content\/uploads\/2020\/04\/cropped-logo-interium14-1024x292-1.png","width":1022,"height":292,"caption":"InteriumPro N\u00e1vrhy Interi\u00e9r\u016f"},"image":{"@id":"https:\/\/interiumpro.cz\/en\/#\/schema\/logo\/image\/"},"sameAs":["https:\/\/www.facebook.com\/interiumpro.cz\/"]},{"@type":"Person","@id":"https:\/\/interiumpro.cz\/en\/#\/schema\/person\/873c9dcbf5578b6966ddbab211176470","name":"intadmin"}]}},"_links":{"self":[{"href":"https:\/\/interiumpro.cz\/en\/wp-json\/wp\/v2\/posts\/21452","targetHints":{"allow":["GET"]}}],"collection":[{"href":"https:\/\/interiumpro.cz\/en\/wp-json\/wp\/v2\/posts"}],"about":[{"href":"https:\/\/interiumpro.cz\/en\/wp-json\/wp\/v2\/types\/post"}],"author":[{"embeddable":true,"href":"https:\/\/interiumpro.cz\/en\/wp-json\/wp\/v2\/users\/1"}],"replies":[{"embeddable":true,"href":"https:\/\/interiumpro.cz\/en\/wp-json\/wp\/v2\/comments?post=21452"}],"version-history":[{"count":0,"href":"https:\/\/interiumpro.cz\/en\/wp-json\/wp\/v2\/posts\/21452\/revisions"}],"wp:featuredmedia":[{"embeddable":true,"href":"https:\/\/interiumpro.cz\/en\/wp-json\/wp\/v2\/media\/12518"}],"wp:attachment":[{"href":"https:\/\/interiumpro.cz\/en\/wp-json\/wp\/v2\/media?parent=21452"}],"wp:term":[{"taxonomy":"category","embeddable":true,"href":"https:\/\/interiumpro.cz\/en\/wp-json\/wp\/v2\/categories?post=21452"},{"taxonomy":"post_tag","embeddable":true,"href":"https:\/\/interiumpro.cz\/en\/wp-json\/wp\/v2\/tags?post=21452"}],"curies":[{"name":"wp","href":"https:\/\/api.w.org\/{rel}","templated":true}]}}