{"id":21446,"date":"2025-01-25T16:13:54","date_gmt":"2025-01-25T15:13:54","guid":{"rendered":"https:\/\/interiumpro.cz\/uncategorized\/3kk-apartment-design\/"},"modified":"2025-01-25T16:13:57","modified_gmt":"2025-01-25T15:13:57","slug":"3kk-apartment-design","status":"publish","type":"post","link":"https:\/\/interiumpro.cz\/en\/interior-design-of-apartments-and-houses\/3kk-apartment-design\/","title":{"rendered":"Interior design of an apartment in a prefabricated house"},"content":{"rendered":"\t\t<div data-elementor-type=\"wp-page\" data-elementor-id=\"21446\" class=\"elementor elementor-21446 elementor-14838\" data-elementor-post-type=\"post\">\n\t\t\t\t\t\t<section class=\"elementor-section elementor-top-section elementor-element elementor-element-202586fd elementor-section-stretched elementor-reverse-mobile elementor-section-boxed elementor-section-height-default elementor-section-height-default\" data-id=\"202586fd\" data-element_type=\"section\" data-e-type=\"section\" data-settings=\"{&quot;stretch_section&quot;:&quot;section-stretched&quot;}\">\n\t\t\t\t\t\t<div class=\"elementor-container elementor-column-gap-wide\">\n\t\t\t\t\t<div class=\"elementor-column elementor-col-100 elementor-top-column elementor-element elementor-element-27b51f3d\" data-id=\"27b51f3d\" data-element_type=\"column\" data-e-type=\"column\">\n\t\t\t<div class=\"elementor-widget-wrap elementor-element-populated\">\n\t\t\t\t\t\t<div class=\"elementor-element elementor-element-7276d61e elementor-widget elementor-widget-breadcrumbs\" data-id=\"7276d61e\" data-element_type=\"widget\" data-e-type=\"widget\" data-widget_type=\"breadcrumbs.default\">\n\t\t\t\t<div class=\"elementor-widget-container\">\n\t\t\t\t\t<div id=\"breadcrumbs\"><span><span><a href=\"https:\/\/interiumpro.cz\/en\/\">Dom\u016f<\/a><\/span><\/span><\/div>\t\t\t\t<\/div>\n\t\t\t\t<\/div>\n\t\t\t\t\t<\/div>\n\t\t<\/div>\n\t\t\t\t\t<\/div>\n\t\t<\/section>\n\t\t\t\t<section class=\"elementor-section elementor-top-section elementor-element elementor-element-5bd53824 elementor-section-stretched elementor-section-boxed elementor-section-height-default elementor-section-height-default\" data-id=\"5bd53824\" data-element_type=\"section\" data-e-type=\"section\" data-settings=\"{&quot;stretch_section&quot;:&quot;section-stretched&quot;}\">\n\t\t\t\t\t\t\t<div class=\"elementor-background-overlay\"><\/div>\n\t\t\t\t\t\t\t<div class=\"elementor-container elementor-column-gap-default\">\n\t\t\t\t\t<div class=\"elementor-column elementor-col-100 elementor-top-column elementor-element elementor-element-12212ea1\" data-id=\"12212ea1\" data-element_type=\"column\" data-e-type=\"column\">\n\t\t\t<div class=\"elementor-widget-wrap elementor-element-populated\">\n\t\t\t\t\t\t<div class=\"elementor-element elementor-element-15f61c99 elementor-widget elementor-widget-heading\" data-id=\"15f61c99\" data-element_type=\"widget\" data-e-type=\"widget\" data-widget_type=\"heading.default\">\n\t\t\t\t<div class=\"elementor-widget-container\">\n\t\t\t\t\t<h1 class=\"elementor-heading-title elementor-size-default\">Interior design of an apartment in a prefabricated house<\/h1>\t\t\t\t<\/div>\n\t\t\t\t<\/div>\n\t\t\t\t\t<\/div>\n\t\t<\/div>\n\t\t\t\t\t<\/div>\n\t\t<\/section>\n\t\t\t\t<section class=\"elementor-section elementor-top-section elementor-element elementor-element-6637d77 elementor-section-stretched elementor-section-boxed elementor-section-height-default elementor-section-height-default\" data-id=\"6637d77\" data-element_type=\"section\" data-e-type=\"section\" data-settings=\"{&quot;stretch_section&quot;:&quot;section-stretched&quot;}\">\n\t\t\t\t\t\t<div class=\"elementor-container elementor-column-gap-wide\">\n\t\t\t\t\t<div class=\"elementor-column elementor-col-66 elementor-top-column elementor-element elementor-element-6b176de5\" data-id=\"6b176de5\" data-element_type=\"column\" data-e-type=\"column\">\n\t\t\t<div class=\"elementor-widget-wrap elementor-element-populated\">\n\t\t\t\t\t\t<div class=\"elementor-element elementor-element-7a9bb844 elementor-widget elementor-widget-video\" data-id=\"7a9bb844\" data-element_type=\"widget\" data-e-type=\"widget\" data-settings=\"{&quot;youtube_url&quot;:&quot;https:\\\/\\\/www.youtube.com\\\/watch?v=4QYB7NSdKpI&quot;,&quot;video_type&quot;:&quot;youtube&quot;,&quot;controls&quot;:&quot;yes&quot;}\" data-widget_type=\"video.default\">\n\t\t\t\t<div class=\"elementor-widget-container\">\n\t\t\t\t\t\t\t<div class=\"elementor-wrapper elementor-open-inline\">\n\t\t\t<div class=\"elementor-video\"><\/div>\t\t<\/div>\n\t\t\t\t\t\t<\/div>\n\t\t\t\t<\/div>\n\t\t\t\t<div class=\"elementor-element elementor-element-2ae2a8 elementor-widget elementor-widget-image\" data-id=\"2ae2a8\" data-element_type=\"widget\" data-e-type=\"widget\" data-widget_type=\"image.default\">\n\t\t\t\t<div class=\"elementor-widget-container\">\n\t\t\t\t\t\t\t\t\t\t\t\t\t\t\t\t<a href=\"https:\/\/interiumpro.cz\/wp-content\/uploads\/2024\/07\/navrh-interieru-obyvaciho-pokoje-v-panelaku-6.jpg\" data-elementor-open-lightbox=\"yes\" data-e-action-hash=\"#elementor-action%3Aaction%3Dlightbox%26settings%3DeyJpZCI6MTQ4NzksInVybCI6Imh0dHBzOlwvXC9pbnRlcml1bXByby5jelwvd3AtY29udGVudFwvdXBsb2Fkc1wvMjAyNFwvMDdcL25hdnJoLWludGVyaWVydS1vYnl2YWNpaG8tcG9rb2plLXYtcGFuZWxha3UtNi5qcGcifQ%3D%3D\">\n\t\t\t\t\t\t\t<img fetchpriority=\"high\" decoding=\"async\" width=\"1000\" height=\"562\" src=\"https:\/\/interiumpro.cz\/wp-content\/uploads\/2024\/07\/navrh-interieru-obyvaciho-pokoje-v-panelaku-6.jpg\" class=\"attachment-full size-full wp-image-14879\" alt=\"ob\u00fdvac\u00ed pokoj s kuchyn\u00ed a j\u00eddelnou\" srcset=\"https:\/\/interiumpro.cz\/wp-content\/uploads\/2024\/07\/navrh-interieru-obyvaciho-pokoje-v-panelaku-6.jpg 1000w, https:\/\/interiumpro.cz\/wp-content\/uploads\/2024\/07\/navrh-interieru-obyvaciho-pokoje-v-panelaku-6-300x169.jpg 300w, https:\/\/interiumpro.cz\/wp-content\/uploads\/2024\/07\/navrh-interieru-obyvaciho-pokoje-v-panelaku-6-768x432.jpg 768w\" sizes=\"(max-width: 1000px) 100vw, 1000px\" \/>\t\t\t\t\t\t\t\t<\/a>\n\t\t\t\t\t\t\t\t\t\t\t\t\t\t\t<\/div>\n\t\t\t\t<\/div>\n\t\t\t\t<div class=\"elementor-element elementor-element-31b411c6 elementor-widget elementor-widget-heading\" data-id=\"31b411c6\" data-element_type=\"widget\" data-e-type=\"widget\" data-widget_type=\"heading.default\">\n\t\t\t\t<div class=\"elementor-widget-container\">\n\t\t\t\t\t<h4 class=\"elementor-heading-title elementor-size-default\">Living room <\/h4>\t\t\t\t<\/div>\n\t\t\t\t<\/div>\n\t\t\t\t<div class=\"elementor-element elementor-element-1efe865a elementor-widget elementor-widget-image\" data-id=\"1efe865a\" data-element_type=\"widget\" data-e-type=\"widget\" data-widget_type=\"image.default\">\n\t\t\t\t<div class=\"elementor-widget-container\">\n\t\t\t\t\t\t\t\t\t\t\t\t\t\t\t\t<a href=\"https:\/\/interiumpro.cz\/wp-content\/uploads\/2024\/07\/navrh-interieru-obyvaciho-pokoje-v-panelaku-2.jpg\" data-elementor-open-lightbox=\"yes\" data-e-action-hash=\"#elementor-action%3Aaction%3Dlightbox%26settings%3DeyJpZCI6MTQ4NjcsInVybCI6Imh0dHBzOlwvXC9pbnRlcml1bXByby5jelwvd3AtY29udGVudFwvdXBsb2Fkc1wvMjAyNFwvMDdcL25hdnJoLWludGVyaWVydS1vYnl2YWNpaG8tcG9rb2plLXYtcGFuZWxha3UtMi5qcGcifQ%3D%3D\">\n\t\t\t\t\t\t\t<img decoding=\"async\" width=\"1000\" height=\"562\" src=\"https:\/\/interiumpro.cz\/wp-content\/uploads\/2024\/07\/navrh-interieru-obyvaciho-pokoje-v-panelaku-2.jpg\" class=\"attachment-full size-full wp-image-14867\" alt=\"ob\u00fdvac\u00ed pokoj s kuchyn\u00ed a j\u00eddelnou\" srcset=\"https:\/\/interiumpro.cz\/wp-content\/uploads\/2024\/07\/navrh-interieru-obyvaciho-pokoje-v-panelaku-2.jpg 1000w, https:\/\/interiumpro.cz\/wp-content\/uploads\/2024\/07\/navrh-interieru-obyvaciho-pokoje-v-panelaku-2-300x169.jpg 300w, https:\/\/interiumpro.cz\/wp-content\/uploads\/2024\/07\/navrh-interieru-obyvaciho-pokoje-v-panelaku-2-768x432.jpg 768w\" sizes=\"(max-width: 1000px) 100vw, 1000px\" \/>\t\t\t\t\t\t\t\t<\/a>\n\t\t\t\t\t\t\t\t\t\t\t\t\t\t\t<\/div>\n\t\t\t\t<\/div>\n\t\t\t\t<div class=\"elementor-element elementor-element-6af309af elementor-widget elementor-widget-image\" data-id=\"6af309af\" data-element_type=\"widget\" data-e-type=\"widget\" data-widget_type=\"image.default\">\n\t\t\t\t<div class=\"elementor-widget-container\">\n\t\t\t\t\t\t\t\t\t\t\t\t\t\t\t\t<a href=\"https:\/\/interiumpro.cz\/wp-content\/uploads\/2024\/07\/navrh-interieru-obyvaciho-pokoje-v-panelaku-3.jpg\" data-elementor-open-lightbox=\"yes\" data-e-action-hash=\"#elementor-action%3Aaction%3Dlightbox%26settings%3DeyJpZCI6MTQ4NzAsInVybCI6Imh0dHBzOlwvXC9pbnRlcml1bXByby5jelwvd3AtY29udGVudFwvdXBsb2Fkc1wvMjAyNFwvMDdcL25hdnJoLWludGVyaWVydS1vYnl2YWNpaG8tcG9rb2plLXYtcGFuZWxha3UtMy5qcGcifQ%3D%3D\">\n\t\t\t\t\t\t\t<img decoding=\"async\" width=\"1000\" height=\"562\" src=\"https:\/\/interiumpro.cz\/wp-content\/uploads\/2024\/07\/navrh-interieru-obyvaciho-pokoje-v-panelaku-3.jpg\" class=\"attachment-full size-full wp-image-14870\" alt=\"ob\u00fdvac\u00ed pokoj s kuchyn\u00ed a j\u00eddelnou\" srcset=\"https:\/\/interiumpro.cz\/wp-content\/uploads\/2024\/07\/navrh-interieru-obyvaciho-pokoje-v-panelaku-3.jpg 1000w, https:\/\/interiumpro.cz\/wp-content\/uploads\/2024\/07\/navrh-interieru-obyvaciho-pokoje-v-panelaku-3-300x169.jpg 300w, https:\/\/interiumpro.cz\/wp-content\/uploads\/2024\/07\/navrh-interieru-obyvaciho-pokoje-v-panelaku-3-768x432.jpg 768w\" sizes=\"(max-width: 1000px) 100vw, 1000px\" \/>\t\t\t\t\t\t\t\t<\/a>\n\t\t\t\t\t\t\t\t\t\t\t\t\t\t\t<\/div>\n\t\t\t\t<\/div>\n\t\t\t\t<div class=\"elementor-element elementor-element-1f5449c3 elementor-widget elementor-widget-image\" data-id=\"1f5449c3\" data-element_type=\"widget\" data-e-type=\"widget\" data-widget_type=\"image.default\">\n\t\t\t\t<div class=\"elementor-widget-container\">\n\t\t\t\t\t\t\t\t\t\t\t\t\t\t\t\t<a href=\"https:\/\/interiumpro.cz\/wp-content\/uploads\/2024\/07\/navrh-interieru-obyvaciho-pokoje-v-panelaku-4.jpg\" data-elementor-open-lightbox=\"yes\" data-e-action-hash=\"#elementor-action%3Aaction%3Dlightbox%26settings%3DeyJpZCI6MTQ4NzMsInVybCI6Imh0dHBzOlwvXC9pbnRlcml1bXByby5jelwvd3AtY29udGVudFwvdXBsb2Fkc1wvMjAyNFwvMDdcL25hdnJoLWludGVyaWVydS1vYnl2YWNpaG8tcG9rb2plLXYtcGFuZWxha3UtNC5qcGcifQ%3D%3D\">\n\t\t\t\t\t\t\t<img loading=\"lazy\" decoding=\"async\" width=\"1000\" height=\"562\" src=\"https:\/\/interiumpro.cz\/wp-content\/uploads\/2024\/07\/navrh-interieru-obyvaciho-pokoje-v-panelaku-4.jpg\" class=\"attachment-full size-full wp-image-14873\" alt=\"ob\u00fdvac\u00ed pokoj s kuchyn\u00ed a j\u00eddelnou\" srcset=\"https:\/\/interiumpro.cz\/wp-content\/uploads\/2024\/07\/navrh-interieru-obyvaciho-pokoje-v-panelaku-4.jpg 1000w, https:\/\/interiumpro.cz\/wp-content\/uploads\/2024\/07\/navrh-interieru-obyvaciho-pokoje-v-panelaku-4-300x169.jpg 300w, https:\/\/interiumpro.cz\/wp-content\/uploads\/2024\/07\/navrh-interieru-obyvaciho-pokoje-v-panelaku-4-768x432.jpg 768w\" sizes=\"(max-width: 1000px) 100vw, 1000px\" \/>\t\t\t\t\t\t\t\t<\/a>\n\t\t\t\t\t\t\t\t\t\t\t\t\t\t\t<\/div>\n\t\t\t\t<\/div>\n\t\t\t\t<div class=\"elementor-element elementor-element-3533d88f elementor-widget elementor-widget-image\" data-id=\"3533d88f\" data-element_type=\"widget\" data-e-type=\"widget\" data-widget_type=\"image.default\">\n\t\t\t\t<div class=\"elementor-widget-container\">\n\t\t\t\t\t\t\t\t\t\t\t\t\t\t\t\t<a href=\"https:\/\/interiumpro.cz\/wp-content\/uploads\/2024\/07\/navrh-interieru-obyvaciho-pokoje-v-panelaku-5.jpg\" data-elementor-open-lightbox=\"yes\" data-e-action-hash=\"#elementor-action%3Aaction%3Dlightbox%26settings%3DeyJpZCI6MTQ4NzYsInVybCI6Imh0dHBzOlwvXC9pbnRlcml1bXByby5jelwvd3AtY29udGVudFwvdXBsb2Fkc1wvMjAyNFwvMDdcL25hdnJoLWludGVyaWVydS1vYnl2YWNpaG8tcG9rb2plLXYtcGFuZWxha3UtNS5qcGcifQ%3D%3D\">\n\t\t\t\t\t\t\t<img loading=\"lazy\" decoding=\"async\" width=\"1000\" height=\"562\" src=\"https:\/\/interiumpro.cz\/wp-content\/uploads\/2024\/07\/navrh-interieru-obyvaciho-pokoje-v-panelaku-5.jpg\" class=\"attachment-full size-full wp-image-14876\" alt=\"ob\u00fdvac\u00ed pokoj s kuchyn\u00ed a j\u00eddelnou\" srcset=\"https:\/\/interiumpro.cz\/wp-content\/uploads\/2024\/07\/navrh-interieru-obyvaciho-pokoje-v-panelaku-5.jpg 1000w, https:\/\/interiumpro.cz\/wp-content\/uploads\/2024\/07\/navrh-interieru-obyvaciho-pokoje-v-panelaku-5-300x169.jpg 300w, https:\/\/interiumpro.cz\/wp-content\/uploads\/2024\/07\/navrh-interieru-obyvaciho-pokoje-v-panelaku-5-768x432.jpg 768w\" sizes=\"(max-width: 1000px) 100vw, 1000px\" \/>\t\t\t\t\t\t\t\t<\/a>\n\t\t\t\t\t\t\t\t\t\t\t\t\t\t\t<\/div>\n\t\t\t\t<\/div>\n\t\t\t\t<div class=\"elementor-element elementor-element-6a92192c elementor-widget elementor-widget-image\" data-id=\"6a92192c\" data-element_type=\"widget\" data-e-type=\"widget\" data-widget_type=\"image.default\">\n\t\t\t\t<div class=\"elementor-widget-container\">\n\t\t\t\t\t\t\t\t\t\t\t\t\t\t\t\t<a href=\"https:\/\/interiumpro.cz\/wp-content\/uploads\/2024\/07\/navrh-interieru-obyvaciho-pokoje-v-panelaku-7.jpg\" data-elementor-open-lightbox=\"yes\" data-e-action-hash=\"#elementor-action%3Aaction%3Dlightbox%26settings%3DeyJpZCI6MTQ4ODIsInVybCI6Imh0dHBzOlwvXC9pbnRlcml1bXByby5jelwvd3AtY29udGVudFwvdXBsb2Fkc1wvMjAyNFwvMDdcL25hdnJoLWludGVyaWVydS1vYnl2YWNpaG8tcG9rb2plLXYtcGFuZWxha3UtNy5qcGcifQ%3D%3D\">\n\t\t\t\t\t\t\t<img loading=\"lazy\" decoding=\"async\" width=\"1000\" height=\"562\" src=\"https:\/\/interiumpro.cz\/wp-content\/uploads\/2024\/07\/navrh-interieru-obyvaciho-pokoje-v-panelaku-7.jpg\" class=\"attachment-full size-full wp-image-14882\" alt=\"ob\u00fdvac\u00ed pokoj s kuchyn\u00ed a j\u00eddelnou\" srcset=\"https:\/\/interiumpro.cz\/wp-content\/uploads\/2024\/07\/navrh-interieru-obyvaciho-pokoje-v-panelaku-7.jpg 1000w, https:\/\/interiumpro.cz\/wp-content\/uploads\/2024\/07\/navrh-interieru-obyvaciho-pokoje-v-panelaku-7-300x169.jpg 300w, https:\/\/interiumpro.cz\/wp-content\/uploads\/2024\/07\/navrh-interieru-obyvaciho-pokoje-v-panelaku-7-768x432.jpg 768w\" sizes=\"(max-width: 1000px) 100vw, 1000px\" \/>\t\t\t\t\t\t\t\t<\/a>\n\t\t\t\t\t\t\t\t\t\t\t\t\t\t\t<\/div>\n\t\t\t\t<\/div>\n\t\t\t\t<div class=\"elementor-element elementor-element-1afb1557 elementor-widget elementor-widget-heading\" data-id=\"1afb1557\" data-element_type=\"widget\" data-e-type=\"widget\" data-widget_type=\"heading.default\">\n\t\t\t\t<div class=\"elementor-widget-container\">\n\t\t\t\t\t<h4 class=\"elementor-heading-title elementor-size-default\">Bedrooms<\/h4>\t\t\t\t<\/div>\n\t\t\t\t<\/div>\n\t\t\t\t<div class=\"elementor-element elementor-element-5cba7bf4 elementor-widget elementor-widget-image\" data-id=\"5cba7bf4\" data-element_type=\"widget\" data-e-type=\"widget\" data-widget_type=\"image.default\">\n\t\t\t\t<div class=\"elementor-widget-container\">\n\t\t\t\t\t\t\t\t\t\t\t\t\t\t\t\t<a href=\"https:\/\/interiumpro.cz\/wp-content\/uploads\/2024\/07\/navrh-interieru-bytu-3kk-1.jpg\" data-elementor-open-lightbox=\"yes\" data-e-action-hash=\"#elementor-action%3Aaction%3Dlightbox%26settings%3DeyJpZCI6MTQ4NDAsInVybCI6Imh0dHBzOlwvXC9pbnRlcml1bXByby5jelwvd3AtY29udGVudFwvdXBsb2Fkc1wvMjAyNFwvMDdcL25hdnJoLWludGVyaWVydS1ieXR1LTNray0xLmpwZyJ9\">\n\t\t\t\t\t\t\t<img loading=\"lazy\" decoding=\"async\" width=\"1000\" height=\"562\" src=\"https:\/\/interiumpro.cz\/wp-content\/uploads\/2024\/07\/navrh-interieru-bytu-3kk-1.jpg\" class=\"attachment-full size-full wp-image-14840\" alt=\"n\u00e1vrh lo\u017enice v modern\u00edm stylu\" srcset=\"https:\/\/interiumpro.cz\/wp-content\/uploads\/2024\/07\/navrh-interieru-bytu-3kk-1.jpg 1000w, https:\/\/interiumpro.cz\/wp-content\/uploads\/2024\/07\/navrh-interieru-bytu-3kk-1-300x169.jpg 300w, https:\/\/interiumpro.cz\/wp-content\/uploads\/2024\/07\/navrh-interieru-bytu-3kk-1-768x432.jpg 768w\" sizes=\"(max-width: 1000px) 100vw, 1000px\" \/>\t\t\t\t\t\t\t\t<\/a>\n\t\t\t\t\t\t\t\t\t\t\t\t\t\t\t<\/div>\n\t\t\t\t<\/div>\n\t\t\t\t<div class=\"elementor-element elementor-element-6bddddec elementor-widget elementor-widget-image\" data-id=\"6bddddec\" data-element_type=\"widget\" data-e-type=\"widget\" data-widget_type=\"image.default\">\n\t\t\t\t<div class=\"elementor-widget-container\">\n\t\t\t\t\t\t\t\t\t\t\t\t\t\t\t\t<a href=\"https:\/\/interiumpro.cz\/wp-content\/uploads\/2024\/07\/navrh-interieru-bytu-3kk-2.jpg\" data-elementor-open-lightbox=\"yes\" data-e-action-hash=\"#elementor-action%3Aaction%3Dlightbox%26settings%3DeyJpZCI6MTQ4NDMsInVybCI6Imh0dHBzOlwvXC9pbnRlcml1bXByby5jelwvd3AtY29udGVudFwvdXBsb2Fkc1wvMjAyNFwvMDdcL25hdnJoLWludGVyaWVydS1ieXR1LTNray0yLmpwZyJ9\">\n\t\t\t\t\t\t\t<img loading=\"lazy\" decoding=\"async\" width=\"1000\" height=\"562\" src=\"https:\/\/interiumpro.cz\/wp-content\/uploads\/2024\/07\/navrh-interieru-bytu-3kk-2.jpg\" class=\"attachment-full size-full wp-image-14843\" alt=\"n\u00e1vrh lo\u017enice v modern\u00edm stylu\" srcset=\"https:\/\/interiumpro.cz\/wp-content\/uploads\/2024\/07\/navrh-interieru-bytu-3kk-2.jpg 1000w, https:\/\/interiumpro.cz\/wp-content\/uploads\/2024\/07\/navrh-interieru-bytu-3kk-2-300x169.jpg 300w, https:\/\/interiumpro.cz\/wp-content\/uploads\/2024\/07\/navrh-interieru-bytu-3kk-2-768x432.jpg 768w\" sizes=\"(max-width: 1000px) 100vw, 1000px\" \/>\t\t\t\t\t\t\t\t<\/a>\n\t\t\t\t\t\t\t\t\t\t\t\t\t\t\t<\/div>\n\t\t\t\t<\/div>\n\t\t\t\t<div class=\"elementor-element elementor-element-236efe70 elementor-widget elementor-widget-heading\" data-id=\"236efe70\" data-element_type=\"widget\" data-e-type=\"widget\" data-widget_type=\"heading.default\">\n\t\t\t\t<div class=\"elementor-widget-container\">\n\t\t\t\t\t<h4 class=\"elementor-heading-title elementor-size-default\">Home office<\/h4>\t\t\t\t<\/div>\n\t\t\t\t<\/div>\n\t\t\t\t<div class=\"elementor-element elementor-element-6e9484f elementor-widget elementor-widget-image\" data-id=\"6e9484f\" data-element_type=\"widget\" data-e-type=\"widget\" data-widget_type=\"image.default\">\n\t\t\t\t<div class=\"elementor-widget-container\">\n\t\t\t\t\t\t\t\t\t\t\t\t\t\t\t\t<a href=\"https:\/\/interiumpro.cz\/wp-content\/uploads\/2024\/07\/navrh-interieru-bytu-3kk-6.jpg\" data-elementor-open-lightbox=\"yes\" data-e-action-hash=\"#elementor-action%3Aaction%3Dlightbox%26settings%3DeyJpZCI6MTQ4NDYsInVybCI6Imh0dHBzOlwvXC9pbnRlcml1bXByby5jelwvd3AtY29udGVudFwvdXBsb2Fkc1wvMjAyNFwvMDdcL25hdnJoLWludGVyaWVydS1ieXR1LTNray02LmpwZyJ9\">\n\t\t\t\t\t\t\t<img loading=\"lazy\" decoding=\"async\" width=\"1000\" height=\"629\" src=\"https:\/\/interiumpro.cz\/wp-content\/uploads\/2024\/07\/navrh-interieru-bytu-3kk-6.jpg\" class=\"attachment-full size-full wp-image-14846\" alt=\"modern\u00ed dom\u00e1c\u00ed pracovna inspirace\" srcset=\"https:\/\/interiumpro.cz\/wp-content\/uploads\/2024\/07\/navrh-interieru-bytu-3kk-6.jpg 1000w, https:\/\/interiumpro.cz\/wp-content\/uploads\/2024\/07\/navrh-interieru-bytu-3kk-6-300x189.jpg 300w, https:\/\/interiumpro.cz\/wp-content\/uploads\/2024\/07\/navrh-interieru-bytu-3kk-6-768x483.jpg 768w\" sizes=\"(max-width: 1000px) 100vw, 1000px\" \/>\t\t\t\t\t\t\t\t<\/a>\n\t\t\t\t\t\t\t\t\t\t\t\t\t\t\t<\/div>\n\t\t\t\t<\/div>\n\t\t\t\t<div class=\"elementor-element elementor-element-005d2a1 elementor-widget elementor-widget-image\" data-id=\"005d2a1\" data-element_type=\"widget\" data-e-type=\"widget\" data-widget_type=\"image.default\">\n\t\t\t\t<div class=\"elementor-widget-container\">\n\t\t\t\t\t\t\t\t\t\t\t\t\t\t\t\t<a href=\"https:\/\/interiumpro.cz\/wp-content\/uploads\/2024\/07\/navrh-interieru-bytu-3kk-8.jpg\" data-elementor-open-lightbox=\"yes\" data-e-action-hash=\"#elementor-action%3Aaction%3Dlightbox%26settings%3DeyJpZCI6MTQ4NDksInVybCI6Imh0dHBzOlwvXC9pbnRlcml1bXByby5jelwvd3AtY29udGVudFwvdXBsb2Fkc1wvMjAyNFwvMDdcL25hdnJoLWludGVyaWVydS1ieXR1LTNray04LmpwZyJ9\">\n\t\t\t\t\t\t\t<img loading=\"lazy\" decoding=\"async\" width=\"1000\" height=\"624\" src=\"https:\/\/interiumpro.cz\/wp-content\/uploads\/2024\/07\/navrh-interieru-bytu-3kk-8.jpg\" class=\"attachment-full size-full wp-image-14849\" alt=\"modern\u00ed dom\u00e1c\u00ed pracovna inspirace\" srcset=\"https:\/\/interiumpro.cz\/wp-content\/uploads\/2024\/07\/navrh-interieru-bytu-3kk-8.jpg 1000w, https:\/\/interiumpro.cz\/wp-content\/uploads\/2024\/07\/navrh-interieru-bytu-3kk-8-300x187.jpg 300w, https:\/\/interiumpro.cz\/wp-content\/uploads\/2024\/07\/navrh-interieru-bytu-3kk-8-768x479.jpg 768w\" sizes=\"(max-width: 1000px) 100vw, 1000px\" \/>\t\t\t\t\t\t\t\t<\/a>\n\t\t\t\t\t\t\t\t\t\t\t\t\t\t\t<\/div>\n\t\t\t\t<\/div>\n\t\t\t\t<div class=\"elementor-element elementor-element-52db19dd elementor-widget elementor-widget-image\" data-id=\"52db19dd\" data-element_type=\"widget\" data-e-type=\"widget\" data-widget_type=\"image.default\">\n\t\t\t\t<div class=\"elementor-widget-container\">\n\t\t\t\t\t\t\t\t\t\t\t\t\t\t\t\t<a href=\"https:\/\/interiumpro.cz\/wp-content\/uploads\/2024\/07\/navrh-interieru-bytu-3kk-11.jpg\" data-elementor-open-lightbox=\"yes\" data-e-action-hash=\"#elementor-action%3Aaction%3Dlightbox%26settings%3DeyJpZCI6MTQ4NTgsInVybCI6Imh0dHBzOlwvXC9pbnRlcml1bXByby5jelwvd3AtY29udGVudFwvdXBsb2Fkc1wvMjAyNFwvMDdcL25hdnJoLWludGVyaWVydS1ieXR1LTNray0xMS5qcGcifQ%3D%3D\">\n\t\t\t\t\t\t\t<img loading=\"lazy\" decoding=\"async\" width=\"1000\" height=\"562\" src=\"https:\/\/interiumpro.cz\/wp-content\/uploads\/2024\/07\/navrh-interieru-bytu-3kk-11.jpg\" class=\"attachment-full size-full wp-image-14858\" alt=\"modern\u00ed dom\u00e1c\u00ed pracovna inspirace\" srcset=\"https:\/\/interiumpro.cz\/wp-content\/uploads\/2024\/07\/navrh-interieru-bytu-3kk-11.jpg 1000w, https:\/\/interiumpro.cz\/wp-content\/uploads\/2024\/07\/navrh-interieru-bytu-3kk-11-300x169.jpg 300w, https:\/\/interiumpro.cz\/wp-content\/uploads\/2024\/07\/navrh-interieru-bytu-3kk-11-768x432.jpg 768w\" sizes=\"(max-width: 1000px) 100vw, 1000px\" \/>\t\t\t\t\t\t\t\t<\/a>\n\t\t\t\t\t\t\t\t\t\t\t\t\t\t\t<\/div>\n\t\t\t\t<\/div>\n\t\t\t\t<div class=\"elementor-element elementor-element-302d92be elementor-widget elementor-widget-image\" data-id=\"302d92be\" data-element_type=\"widget\" data-e-type=\"widget\" data-widget_type=\"image.default\">\n\t\t\t\t<div class=\"elementor-widget-container\">\n\t\t\t\t\t\t\t\t\t\t\t\t\t\t\t\t<a href=\"https:\/\/interiumpro.cz\/wp-content\/uploads\/2024\/07\/navrh-interieru-bytu-3kk-12.jpg\" data-elementor-open-lightbox=\"yes\" data-e-action-hash=\"#elementor-action%3Aaction%3Dlightbox%26settings%3DeyJpZCI6MTQ4NjEsInVybCI6Imh0dHBzOlwvXC9pbnRlcml1bXByby5jelwvd3AtY29udGVudFwvdXBsb2Fkc1wvMjAyNFwvMDdcL25hdnJoLWludGVyaWVydS1ieXR1LTNray0xMi5qcGcifQ%3D%3D\">\n\t\t\t\t\t\t\t<img loading=\"lazy\" decoding=\"async\" width=\"1000\" height=\"562\" src=\"https:\/\/interiumpro.cz\/wp-content\/uploads\/2024\/07\/navrh-interieru-bytu-3kk-12.jpg\" class=\"attachment-full size-full wp-image-14861\" alt=\"modern\u00ed dom\u00e1c\u00ed pracovna inspirace\" srcset=\"https:\/\/interiumpro.cz\/wp-content\/uploads\/2024\/07\/navrh-interieru-bytu-3kk-12.jpg 1000w, https:\/\/interiumpro.cz\/wp-content\/uploads\/2024\/07\/navrh-interieru-bytu-3kk-12-300x169.jpg 300w, https:\/\/interiumpro.cz\/wp-content\/uploads\/2024\/07\/navrh-interieru-bytu-3kk-12-768x432.jpg 768w\" sizes=\"(max-width: 1000px) 100vw, 1000px\" \/>\t\t\t\t\t\t\t\t<\/a>\n\t\t\t\t\t\t\t\t\t\t\t\t\t\t\t<\/div>\n\t\t\t\t<\/div>\n\t\t\t\t<div class=\"elementor-element elementor-element-746d9953 elementor-widget elementor-widget-image\" data-id=\"746d9953\" data-element_type=\"widget\" data-e-type=\"widget\" data-widget_type=\"image.default\">\n\t\t\t\t<div class=\"elementor-widget-container\">\n\t\t\t\t\t\t\t\t\t\t\t\t\t\t\t\t<a href=\"https:\/\/interiumpro.cz\/wp-content\/uploads\/2024\/07\/navrh-interieru-bytu-3kk-9.jpg\" data-elementor-open-lightbox=\"yes\" data-e-action-hash=\"#elementor-action%3Aaction%3Dlightbox%26settings%3DeyJpZCI6MTQ4NTIsInVybCI6Imh0dHBzOlwvXC9pbnRlcml1bXByby5jelwvd3AtY29udGVudFwvdXBsb2Fkc1wvMjAyNFwvMDdcL25hdnJoLWludGVyaWVydS1ieXR1LTNray05LmpwZyJ9\">\n\t\t\t\t\t\t\t<img loading=\"lazy\" decoding=\"async\" width=\"1000\" height=\"562\" src=\"https:\/\/interiumpro.cz\/wp-content\/uploads\/2024\/07\/navrh-interieru-bytu-3kk-9.jpg\" class=\"attachment-full size-full wp-image-14852\" alt=\"modern\u00ed dom\u00e1c\u00ed pracovna inspirace\" srcset=\"https:\/\/interiumpro.cz\/wp-content\/uploads\/2024\/07\/navrh-interieru-bytu-3kk-9.jpg 1000w, https:\/\/interiumpro.cz\/wp-content\/uploads\/2024\/07\/navrh-interieru-bytu-3kk-9-300x169.jpg 300w, https:\/\/interiumpro.cz\/wp-content\/uploads\/2024\/07\/navrh-interieru-bytu-3kk-9-768x432.jpg 768w\" sizes=\"(max-width: 1000px) 100vw, 1000px\" \/>\t\t\t\t\t\t\t\t<\/a>\n\t\t\t\t\t\t\t\t\t\t\t\t\t\t\t<\/div>\n\t\t\t\t<\/div>\n\t\t\t\t<div class=\"elementor-element elementor-element-66a3a9f7 elementor-widget elementor-widget-image\" data-id=\"66a3a9f7\" data-element_type=\"widget\" data-e-type=\"widget\" data-widget_type=\"image.default\">\n\t\t\t\t<div class=\"elementor-widget-container\">\n\t\t\t\t\t\t\t\t\t\t\t\t\t\t\t\t<a href=\"https:\/\/interiumpro.cz\/wp-content\/uploads\/2024\/07\/navrh-interieru-bytu-3kk-10.jpg\" data-elementor-open-lightbox=\"yes\" data-e-action-hash=\"#elementor-action%3Aaction%3Dlightbox%26settings%3DeyJpZCI6MTQ4NTUsInVybCI6Imh0dHBzOlwvXC9pbnRlcml1bXByby5jelwvd3AtY29udGVudFwvdXBsb2Fkc1wvMjAyNFwvMDdcL25hdnJoLWludGVyaWVydS1ieXR1LTNray0xMC5qcGcifQ%3D%3D\">\n\t\t\t\t\t\t\t<img loading=\"lazy\" decoding=\"async\" width=\"1000\" height=\"562\" src=\"https:\/\/interiumpro.cz\/wp-content\/uploads\/2024\/07\/navrh-interieru-bytu-3kk-10.jpg\" class=\"attachment-full size-full wp-image-14855\" alt=\"modern\u00ed dom\u00e1c\u00ed pracovna inspirace\" srcset=\"https:\/\/interiumpro.cz\/wp-content\/uploads\/2024\/07\/navrh-interieru-bytu-3kk-10.jpg 1000w, https:\/\/interiumpro.cz\/wp-content\/uploads\/2024\/07\/navrh-interieru-bytu-3kk-10-300x169.jpg 300w, https:\/\/interiumpro.cz\/wp-content\/uploads\/2024\/07\/navrh-interieru-bytu-3kk-10-768x432.jpg 768w\" sizes=\"(max-width: 1000px) 100vw, 1000px\" \/>\t\t\t\t\t\t\t\t<\/a>\n\t\t\t\t\t\t\t\t\t\t\t\t\t\t\t<\/div>\n\t\t\t\t<\/div>\n\t\t\t\t\t<\/div>\n\t\t<\/div>\n\t\t\t\t<div class=\"elementor-column elementor-col-33 elementor-top-column elementor-element elementor-element-3b713358\" data-id=\"3b713358\" data-element_type=\"column\" data-e-type=\"column\" data-settings=\"{&quot;motion_fx_motion_fx_scrolling&quot;:&quot;yes&quot;,&quot;motion_fx_devices&quot;:[&quot;desktop&quot;,&quot;tablet&quot;,&quot;mobile&quot;]}\">\n\t\t\t<div class=\"elementor-widget-wrap elementor-element-populated\">\n\t\t\t\t\t\t<div class=\"elementor-element elementor-element-842fdc1 elementor-widget elementor-widget-heading\" data-id=\"842fdc1\" data-element_type=\"widget\" data-e-type=\"widget\" data-widget_type=\"heading.default\">\n\t\t\t\t<div class=\"elementor-widget-container\">\n\t\t\t\t\t<h2 class=\"elementor-heading-title elementor-size-default\">Design of an apartment in a block of flats  <\/h2>\t\t\t\t<\/div>\n\t\t\t\t<\/div>\n\t\t\t\t<div class=\"elementor-element elementor-element-5645e36 elementor-widget elementor-widget-text-editor\" data-id=\"5645e36\" data-element_type=\"widget\" data-e-type=\"widget\" data-widget_type=\"text-editor.default\">\n\t\t\t\t<div class=\"elementor-widget-container\">\n\t\t\t\t\t\t\t\t\t<p>The owners of this apartment are a retired couple who wanted a modern and bright apartment, well lit and practically furnished.<br \/>\nTheir clear vision allowed us to create a space that meets their specific requirements while reflecting their modern world view. <\/p>\n<p><strong>Bright and modern apartment<\/strong><\/p>\n<p>When designing the interior, we placed emphasis on lightness and modern design.<br \/>\nWe used light colours on the walls and floors to give the space an airy and open feel.<br \/>\nLarge windows provide plenty of natural light, while modern lighting gives the apartment the necessary clarity even at night.  <\/p>\n<p><strong>Large kitchenette<\/strong><\/p>\n<p>The clients were very interested in the spacious and well-equipped kitchen.<br \/>\nThat&#8217;s why we designed a large U-shaped kitchen that offers plenty of work surface and storage space.<br \/>\nThe kitchen is equipped with modern appliances, including a built-in oven, induction hob and dishwasher.<br \/>\nThe use of light and glossy materials gives the kitchen a sleek look.   <\/p>\n<p><strong>Large library and second TV in the study\/guest room<\/strong><\/p>\n<p>As the owners are avid readers, a large library was one of the main requirements.<br \/>\nWe designed a bookcase that covers an entire wall in the study, providing ample space for their extensive book collection.<br \/>\nThe study is also the guest room, so we ensured that this space was multi-functional.<br \/>\nA second TV in the study allows guests and owners to watch their favourite programmes in comfort.   <\/p>\n<p><strong>Lots of storage space<\/strong><\/p>\n<p>The storage spaces were integrated into the entire apartment to make them as practical as possible while being aesthetically unobtrusive.<br \/>\nBuilt-in wardrobes and shelves provide ample space for storing all the necessary items without disturbing the overall appearance of the apartment. <\/p>\n<p><strong>Bedroom with wallpaper with nature pattern<\/strong><\/p>\n<p>The bedroom has been designed to be cosy and quiet.<br \/>\nThe nature pattern wallpaper adds a relaxing atmosphere to the bedroom and connects the interior with the outdoors.<br \/>\nKeeping the fan was an important wish of the owners, so we incorporated it stylishly into the overall design of the bedroom.  <\/p>\n<p>The interior design project for a retired couple with a modern outlook was designed with their specific requirements and tastes in mind.<br \/>\nThe result is a bright, modern and well-lit apartment with plenty of storage space and multifunctional elements that ensure comfort and practicality.<br \/>\nThis project demonstrates how modern design can be adapted to the needs of different age groups without sacrificing functionality or aesthetics.  <\/p>\n\t\t\t\t\t\t\t\t<\/div>\n\t\t\t\t<\/div>\n\t\t\t\t<div class=\"elementor-element elementor-element-b816280 elementor-widget elementor-widget-heading\" data-id=\"b816280\" data-element_type=\"widget\" data-e-type=\"widget\" data-widget_type=\"heading.default\">\n\t\t\t\t<div class=\"elementor-widget-container\">\n\t\t\t\t\t<h2 class=\"elementor-heading-title elementor-size-default\">What can we offer you?<\/h2>\t\t\t\t<\/div>\n\t\t\t\t<\/div>\n\t\t\t\t<div class=\"elementor-element elementor-element-3eb4ec64 elementor-widget__width-initial elementor-widget elementor-widget-global elementor-global-19304 elementor-global-19080 elementor-widget-text-editor\" data-id=\"3eb4ec64\" data-element_type=\"widget\" data-e-type=\"widget\" data-widget_type=\"text-editor.default\">\n\t\t\t\t<div class=\"elementor-widget-container\">\n\t\t\t\t\t\t\t\t\t<p>Our <a href=\"https:\/\/interiumpro.cz\/en\/about-us\/\">interior designers<\/a> will create a home exactly to your liking &#8211; from the complete interior to individual rooms such as the living room, kitchen, children&#8217;s room, study or bedroom.<\/p><p>Is this a renovation or a new build? We will take care of <a href=\"https:\/\/interiumpro.cz\/blog-o-interierovem-designu\/autorsky-dohled-nad-realizaci-interieru\/\">the interior design<\/a>, production documents, organization, purchasing and supervision of craftsmen. <\/p><p>If you want, we can take the entire interior realization into our own hands and complete it in accordance with the project with an emphasis on quality and reliability.<\/p>\t\t\t\t\t\t\t\t<\/div>\n\t\t\t\t<\/div>\n\t\t\t\t\t<\/div>\n\t\t<\/div>\n\t\t\t\t\t<\/div>\n\t\t<\/section>\n\t\t\t\t<section class=\"elementor-section elementor-top-section elementor-element elementor-element-1058e22f elementor-section-stretched elementor-reverse-mobile elementor-section-boxed elementor-section-height-default elementor-section-height-default\" data-id=\"1058e22f\" data-element_type=\"section\" data-e-type=\"section\" data-settings=\"{&quot;stretch_section&quot;:&quot;section-stretched&quot;}\">\n\t\t\t\t\t\t<div class=\"elementor-container elementor-column-gap-wide\">\n\t\t\t\t\t<div class=\"elementor-column elementor-col-100 elementor-top-column elementor-element elementor-element-6550f113\" data-id=\"6550f113\" data-element_type=\"column\" data-e-type=\"column\">\n\t\t\t<div class=\"elementor-widget-wrap elementor-element-populated\">\n\t\t\t\t\t\t<div class=\"elementor-element elementor-element-3d4d85c6 elementor-widget elementor-widget-heading\" data-id=\"3d4d85c6\" data-element_type=\"widget\" data-e-type=\"widget\" data-widget_type=\"heading.default\">\n\t\t\t\t<div class=\"elementor-widget-container\">\n\t\t\t\t\t<h2 class=\"elementor-heading-title elementor-size-default\">Check out our latest projects<\/h2>\t\t\t\t<\/div>\n\t\t\t\t<\/div>\n\t\t\t\t\t<\/div>\n\t\t<\/div>\n\t\t\t\t\t<\/div>\n\t\t<\/section>\n\t\t\t\t<section class=\"elementor-section elementor-top-section elementor-element elementor-element-656fba6f elementor-section-stretched elementor-section-boxed elementor-section-height-default elementor-section-height-default\" data-id=\"656fba6f\" data-element_type=\"section\" data-e-type=\"section\" data-settings=\"{&quot;stretch_section&quot;:&quot;section-stretched&quot;}\">\n\t\t\t\t\t\t<div class=\"elementor-container elementor-column-gap-default\">\n\t\t\t\t\t<div class=\"elementor-column elementor-col-100 elementor-top-column elementor-element elementor-element-79aa07cc\" data-id=\"79aa07cc\" data-element_type=\"column\" data-e-type=\"column\">\n\t\t\t<div class=\"elementor-widget-wrap elementor-element-populated\">\n\t\t\t\t\t\t<div class=\"elementor-element elementor-element-60e60c49 elementor-grid-4 elementor-posts--thumbnail-top elementor-grid-tablet-2 elementor-grid-mobile-1 elementor-widget elementor-widget-posts\" data-id=\"60e60c49\" data-element_type=\"widget\" data-e-type=\"widget\" data-settings=\"{&quot;custom_columns&quot;:&quot;4&quot;,&quot;custom_row_gap&quot;:{&quot;unit&quot;:&quot;px&quot;,&quot;size&quot;:15,&quot;sizes&quot;:[]},&quot;custom_columns_tablet&quot;:&quot;2&quot;,&quot;custom_columns_mobile&quot;:&quot;1&quot;,&quot;custom_row_gap_tablet&quot;:{&quot;unit&quot;:&quot;px&quot;,&quot;size&quot;:&quot;&quot;,&quot;sizes&quot;:[]},&quot;custom_row_gap_mobile&quot;:{&quot;unit&quot;:&quot;px&quot;,&quot;size&quot;:&quot;&quot;,&quot;sizes&quot;:[]}}\" data-widget_type=\"posts.custom\">\n\t\t\t\t<div class=\"elementor-widget-container\">\n\t\t\t\t\t      <div class=\"ecs-posts elementor-posts-container elementor-posts   elementor-grid elementor-posts--skin-custom\" data-settings=\"{&quot;current_page&quot;:1,&quot;max_num_pages&quot;:0,&quot;load_method&quot;:&quot;loadmore&quot;,&quot;widget_id&quot;:&quot;60e60c49&quot;,&quot;post_id&quot;:21446,&quot;theme_id&quot;:21446,&quot;change_url&quot;:false,&quot;reinit_js&quot;:false}\">\n      <div class=\"elementor-posts-nothing-found\"><\/div>\t\t<\/div>\n\t\t\t\t\t\t<\/div>\n\t\t\t\t<\/div>\n\t\t\t\t\t<\/div>\n\t\t<\/div>\n\t\t\t\t\t<\/div>\n\t\t<\/section>\n\t\t\t\t<\/div>\n\t\t","protected":false},"excerpt":{"rendered":"<p>The design emphasizes open space, better flow and the integration of simple lines with minimalist elements. The solution includes thoughtful storage spaces and multifunctional furniture that provides organization. <\/p>\n","protected":false},"author":1,"featured_media":14864,"comment_status":"closed","ping_status":"closed","sticky":false,"template":"","format":"standard","meta":{"footnotes":""},"categories":[120],"tags":[],"class_list":["post-21446","post","type-post","status-publish","format-standard","has-post-thumbnail","hentry","category-interior-design-of-apartments-and-houses"],"yoast_head":"<!-- This site is optimized with the Yoast SEO Premium plugin v27.4 (Yoast SEO v27.4) - https:\/\/yoast.com\/product\/yoast-seo-premium-wordpress\/ -->\n<title>Interior design of an apartment in a prefabricated house &#8211; Interior Design<\/title>\n<meta name=\"robots\" content=\"index, follow, max-snippet:-1, max-image-preview:large, max-video-preview:-1\" \/>\n<link rel=\"canonical\" href=\"https:\/\/interiumpro.cz\/en\/interior-design-of-apartments-and-houses\/3kk-apartment-design\/\" \/>\n<meta property=\"og:locale\" content=\"en_US\" \/>\n<meta property=\"og:type\" content=\"article\" \/>\n<meta property=\"og:title\" content=\"Interior design of an apartment in a prefabricated house\" \/>\n<meta property=\"og:description\" content=\"The design emphasizes open space, better flow and the integration of simple lines with minimalist elements. The solution includes thoughtful storage spaces and multifunctional furniture that provides organization.\" \/>\n<meta property=\"og:url\" content=\"https:\/\/interiumpro.cz\/en\/interior-design-of-apartments-and-houses\/3kk-apartment-design\/\" \/>\n<meta property=\"og:site_name\" content=\"Interior Design\" \/>\n<meta property=\"article:publisher\" content=\"https:\/\/www.facebook.com\/interiumpro.cz\/\" \/>\n<meta property=\"article:published_time\" content=\"2025-01-25T15:13:54+00:00\" \/>\n<meta property=\"article:modified_time\" content=\"2025-01-25T15:13:57+00:00\" \/>\n<meta property=\"og:image\" content=\"https:\/\/interiumpro.cz\/wp-content\/uploads\/2024\/07\/navrh-interieru-obyvaciho-pokoje-s-kuchyni-v-panelaku-.jpg\" \/>\n\t<meta property=\"og:image:width\" content=\"600\" \/>\n\t<meta property=\"og:image:height\" content=\"513\" \/>\n\t<meta property=\"og:image:type\" content=\"image\/jpeg\" \/>\n<meta name=\"author\" content=\"intadmin\" \/>\n<meta name=\"twitter:card\" content=\"summary_large_image\" \/>\n<meta name=\"twitter:label1\" content=\"Written by\" \/>\n\t<meta name=\"twitter:data1\" content=\"intadmin\" \/>\n\t<meta name=\"twitter:label2\" content=\"Est. reading time\" \/>\n\t<meta name=\"twitter:data2\" content=\"3 minutes\" \/>\n<script type=\"application\/ld+json\" class=\"yoast-schema-graph\">{\"@context\":\"https:\\\/\\\/schema.org\",\"@graph\":[{\"@type\":\"Article\",\"@id\":\"https:\\\/\\\/interiumpro.cz\\\/en\\\/interior-design-of-apartments-and-houses\\\/3kk-apartment-design\\\/#article\",\"isPartOf\":{\"@id\":\"https:\\\/\\\/interiumpro.cz\\\/en\\\/interior-design-of-apartments-and-houses\\\/3kk-apartment-design\\\/\"},\"author\":{\"name\":\"intadmin\",\"@id\":\"https:\\\/\\\/interiumpro.cz\\\/en\\\/#\\\/schema\\\/person\\\/873c9dcbf5578b6966ddbab211176470\"},\"headline\":\"Interior design of an apartment in a prefabricated house\",\"datePublished\":\"2025-01-25T15:13:54+00:00\",\"dateModified\":\"2025-01-25T15:13:57+00:00\",\"mainEntityOfPage\":{\"@id\":\"https:\\\/\\\/interiumpro.cz\\\/en\\\/interior-design-of-apartments-and-houses\\\/3kk-apartment-design\\\/\"},\"wordCount\":532,\"publisher\":{\"@id\":\"https:\\\/\\\/interiumpro.cz\\\/en\\\/#organization\"},\"image\":{\"@id\":\"https:\\\/\\\/interiumpro.cz\\\/en\\\/interior-design-of-apartments-and-houses\\\/3kk-apartment-design\\\/#primaryimage\"},\"thumbnailUrl\":\"https:\\\/\\\/interiumpro.cz\\\/wp-content\\\/uploads\\\/2024\\\/07\\\/navrh-interieru-obyvaciho-pokoje-s-kuchyni-v-panelaku-.jpg\",\"articleSection\":[\"Interior design of apartments and houses\"],\"inLanguage\":\"en-US\"},{\"@type\":\"WebPage\",\"@id\":\"https:\\\/\\\/interiumpro.cz\\\/en\\\/interior-design-of-apartments-and-houses\\\/3kk-apartment-design\\\/\",\"url\":\"https:\\\/\\\/interiumpro.cz\\\/en\\\/interior-design-of-apartments-and-houses\\\/3kk-apartment-design\\\/\",\"name\":\"Interior design of an apartment in a prefabricated house &#8211; Interior Design\",\"isPartOf\":{\"@id\":\"https:\\\/\\\/interiumpro.cz\\\/en\\\/#website\"},\"primaryImageOfPage\":{\"@id\":\"https:\\\/\\\/interiumpro.cz\\\/en\\\/interior-design-of-apartments-and-houses\\\/3kk-apartment-design\\\/#primaryimage\"},\"image\":{\"@id\":\"https:\\\/\\\/interiumpro.cz\\\/en\\\/interior-design-of-apartments-and-houses\\\/3kk-apartment-design\\\/#primaryimage\"},\"thumbnailUrl\":\"https:\\\/\\\/interiumpro.cz\\\/wp-content\\\/uploads\\\/2024\\\/07\\\/navrh-interieru-obyvaciho-pokoje-s-kuchyni-v-panelaku-.jpg\",\"datePublished\":\"2025-01-25T15:13:54+00:00\",\"dateModified\":\"2025-01-25T15:13:57+00:00\",\"breadcrumb\":{\"@id\":\"https:\\\/\\\/interiumpro.cz\\\/en\\\/interior-design-of-apartments-and-houses\\\/3kk-apartment-design\\\/#breadcrumb\"},\"inLanguage\":\"en-US\",\"potentialAction\":[{\"@type\":\"ReadAction\",\"target\":[\"https:\\\/\\\/interiumpro.cz\\\/en\\\/interior-design-of-apartments-and-houses\\\/3kk-apartment-design\\\/\"]}]},{\"@type\":\"ImageObject\",\"inLanguage\":\"en-US\",\"@id\":\"https:\\\/\\\/interiumpro.cz\\\/en\\\/interior-design-of-apartments-and-houses\\\/3kk-apartment-design\\\/#primaryimage\",\"url\":\"https:\\\/\\\/interiumpro.cz\\\/wp-content\\\/uploads\\\/2024\\\/07\\\/navrh-interieru-obyvaciho-pokoje-s-kuchyni-v-panelaku-.jpg\",\"contentUrl\":\"https:\\\/\\\/interiumpro.cz\\\/wp-content\\\/uploads\\\/2024\\\/07\\\/navrh-interieru-obyvaciho-pokoje-s-kuchyni-v-panelaku-.jpg\",\"width\":600,\"height\":513,\"caption\":\"Kuchyn\u011b s ob\u00fdv\u00e1kem - inspirace\"},{\"@type\":\"BreadcrumbList\",\"@id\":\"https:\\\/\\\/interiumpro.cz\\\/en\\\/interior-design-of-apartments-and-houses\\\/3kk-apartment-design\\\/#breadcrumb\",\"itemListElement\":[{\"@type\":\"ListItem\",\"position\":1,\"name\":\"Dom\u016f\",\"item\":\"https:\\\/\\\/interiumpro.cz\\\/en\\\/\"},{\"@type\":\"ListItem\",\"position\":2,\"name\":\"Uncategorized\",\"item\":\"https:\\\/\\\/interiumpro.cz\\\/en\\\/navrhy-interieru\\\/uncategorized\\\/\"},{\"@type\":\"ListItem\",\"position\":3,\"name\":\"Interior design of an apartment in a prefabricated house\"}]},{\"@type\":\"WebSite\",\"@id\":\"https:\\\/\\\/interiumpro.cz\\\/en\\\/#website\",\"url\":\"https:\\\/\\\/interiumpro.cz\\\/en\\\/\",\"name\":\"Interium N\u00e1vrhy Interi\u00e9r\u016f\",\"description\":\"Interium - Praha\",\"publisher\":{\"@id\":\"https:\\\/\\\/interiumpro.cz\\\/en\\\/#organization\"},\"alternateName\":\"N\u00e1vrhy Interi\u00e9r\u016f\",\"potentialAction\":[{\"@type\":\"SearchAction\",\"target\":{\"@type\":\"EntryPoint\",\"urlTemplate\":\"https:\\\/\\\/interiumpro.cz\\\/en\\\/?s={search_term_string}\"},\"query-input\":{\"@type\":\"PropertyValueSpecification\",\"valueRequired\":true,\"valueName\":\"search_term_string\"}}],\"inLanguage\":\"en-US\"},{\"@type\":\"Organization\",\"@id\":\"https:\\\/\\\/interiumpro.cz\\\/en\\\/#organization\",\"name\":\"InteriumPro N\u00e1vrhy Interi\u00e9r\u016f\",\"alternateName\":\"N\u00e1vrhy Interi\u00e9r\u016f\",\"url\":\"https:\\\/\\\/interiumpro.cz\\\/en\\\/\",\"logo\":{\"@type\":\"ImageObject\",\"inLanguage\":\"en-US\",\"@id\":\"https:\\\/\\\/interiumpro.cz\\\/en\\\/#\\\/schema\\\/logo\\\/image\\\/\",\"url\":\"https:\\\/\\\/interiumpro.cz\\\/wp-content\\\/uploads\\\/2020\\\/04\\\/cropped-logo-interium14-1024x292-1.png\",\"contentUrl\":\"https:\\\/\\\/interiumpro.cz\\\/wp-content\\\/uploads\\\/2020\\\/04\\\/cropped-logo-interium14-1024x292-1.png\",\"width\":1022,\"height\":292,\"caption\":\"InteriumPro N\u00e1vrhy Interi\u00e9r\u016f\"},\"image\":{\"@id\":\"https:\\\/\\\/interiumpro.cz\\\/en\\\/#\\\/schema\\\/logo\\\/image\\\/\"},\"sameAs\":[\"https:\\\/\\\/www.facebook.com\\\/interiumpro.cz\\\/\"]},{\"@type\":\"Person\",\"@id\":\"https:\\\/\\\/interiumpro.cz\\\/en\\\/#\\\/schema\\\/person\\\/873c9dcbf5578b6966ddbab211176470\",\"name\":\"intadmin\"}]}<\/script>\n<!-- \/ Yoast SEO Premium plugin. -->","yoast_head_json":{"title":"Interior design of an apartment in a prefabricated house &#8211; Interior Design","robots":{"index":"index","follow":"follow","max-snippet":"max-snippet:-1","max-image-preview":"max-image-preview:large","max-video-preview":"max-video-preview:-1"},"canonical":"https:\/\/interiumpro.cz\/en\/interior-design-of-apartments-and-houses\/3kk-apartment-design\/","og_locale":"en_US","og_type":"article","og_title":"Interior design of an apartment in a prefabricated house","og_description":"The design emphasizes open space, better flow and the integration of simple lines with minimalist elements. The solution includes thoughtful storage spaces and multifunctional furniture that provides organization.","og_url":"https:\/\/interiumpro.cz\/en\/interior-design-of-apartments-and-houses\/3kk-apartment-design\/","og_site_name":"Interior Design","article_publisher":"https:\/\/www.facebook.com\/interiumpro.cz\/","article_published_time":"2025-01-25T15:13:54+00:00","article_modified_time":"2025-01-25T15:13:57+00:00","og_image":[{"width":600,"height":513,"url":"https:\/\/interiumpro.cz\/wp-content\/uploads\/2024\/07\/navrh-interieru-obyvaciho-pokoje-s-kuchyni-v-panelaku-.jpg","type":"image\/jpeg"}],"author":"intadmin","twitter_card":"summary_large_image","twitter_misc":{"Written by":"intadmin","Est. reading time":"3 minutes"},"schema":{"@context":"https:\/\/schema.org","@graph":[{"@type":"Article","@id":"https:\/\/interiumpro.cz\/en\/interior-design-of-apartments-and-houses\/3kk-apartment-design\/#article","isPartOf":{"@id":"https:\/\/interiumpro.cz\/en\/interior-design-of-apartments-and-houses\/3kk-apartment-design\/"},"author":{"name":"intadmin","@id":"https:\/\/interiumpro.cz\/en\/#\/schema\/person\/873c9dcbf5578b6966ddbab211176470"},"headline":"Interior design of an apartment in a prefabricated house","datePublished":"2025-01-25T15:13:54+00:00","dateModified":"2025-01-25T15:13:57+00:00","mainEntityOfPage":{"@id":"https:\/\/interiumpro.cz\/en\/interior-design-of-apartments-and-houses\/3kk-apartment-design\/"},"wordCount":532,"publisher":{"@id":"https:\/\/interiumpro.cz\/en\/#organization"},"image":{"@id":"https:\/\/interiumpro.cz\/en\/interior-design-of-apartments-and-houses\/3kk-apartment-design\/#primaryimage"},"thumbnailUrl":"https:\/\/interiumpro.cz\/wp-content\/uploads\/2024\/07\/navrh-interieru-obyvaciho-pokoje-s-kuchyni-v-panelaku-.jpg","articleSection":["Interior design of apartments and houses"],"inLanguage":"en-US"},{"@type":"WebPage","@id":"https:\/\/interiumpro.cz\/en\/interior-design-of-apartments-and-houses\/3kk-apartment-design\/","url":"https:\/\/interiumpro.cz\/en\/interior-design-of-apartments-and-houses\/3kk-apartment-design\/","name":"Interior design of an apartment in a prefabricated house &#8211; Interior Design","isPartOf":{"@id":"https:\/\/interiumpro.cz\/en\/#website"},"primaryImageOfPage":{"@id":"https:\/\/interiumpro.cz\/en\/interior-design-of-apartments-and-houses\/3kk-apartment-design\/#primaryimage"},"image":{"@id":"https:\/\/interiumpro.cz\/en\/interior-design-of-apartments-and-houses\/3kk-apartment-design\/#primaryimage"},"thumbnailUrl":"https:\/\/interiumpro.cz\/wp-content\/uploads\/2024\/07\/navrh-interieru-obyvaciho-pokoje-s-kuchyni-v-panelaku-.jpg","datePublished":"2025-01-25T15:13:54+00:00","dateModified":"2025-01-25T15:13:57+00:00","breadcrumb":{"@id":"https:\/\/interiumpro.cz\/en\/interior-design-of-apartments-and-houses\/3kk-apartment-design\/#breadcrumb"},"inLanguage":"en-US","potentialAction":[{"@type":"ReadAction","target":["https:\/\/interiumpro.cz\/en\/interior-design-of-apartments-and-houses\/3kk-apartment-design\/"]}]},{"@type":"ImageObject","inLanguage":"en-US","@id":"https:\/\/interiumpro.cz\/en\/interior-design-of-apartments-and-houses\/3kk-apartment-design\/#primaryimage","url":"https:\/\/interiumpro.cz\/wp-content\/uploads\/2024\/07\/navrh-interieru-obyvaciho-pokoje-s-kuchyni-v-panelaku-.jpg","contentUrl":"https:\/\/interiumpro.cz\/wp-content\/uploads\/2024\/07\/navrh-interieru-obyvaciho-pokoje-s-kuchyni-v-panelaku-.jpg","width":600,"height":513,"caption":"Kuchyn\u011b s ob\u00fdv\u00e1kem - inspirace"},{"@type":"BreadcrumbList","@id":"https:\/\/interiumpro.cz\/en\/interior-design-of-apartments-and-houses\/3kk-apartment-design\/#breadcrumb","itemListElement":[{"@type":"ListItem","position":1,"name":"Dom\u016f","item":"https:\/\/interiumpro.cz\/en\/"},{"@type":"ListItem","position":2,"name":"Uncategorized","item":"https:\/\/interiumpro.cz\/en\/navrhy-interieru\/uncategorized\/"},{"@type":"ListItem","position":3,"name":"Interior design of an apartment in a prefabricated house"}]},{"@type":"WebSite","@id":"https:\/\/interiumpro.cz\/en\/#website","url":"https:\/\/interiumpro.cz\/en\/","name":"Interium N\u00e1vrhy Interi\u00e9r\u016f","description":"Interium - Praha","publisher":{"@id":"https:\/\/interiumpro.cz\/en\/#organization"},"alternateName":"N\u00e1vrhy Interi\u00e9r\u016f","potentialAction":[{"@type":"SearchAction","target":{"@type":"EntryPoint","urlTemplate":"https:\/\/interiumpro.cz\/en\/?s={search_term_string}"},"query-input":{"@type":"PropertyValueSpecification","valueRequired":true,"valueName":"search_term_string"}}],"inLanguage":"en-US"},{"@type":"Organization","@id":"https:\/\/interiumpro.cz\/en\/#organization","name":"InteriumPro N\u00e1vrhy Interi\u00e9r\u016f","alternateName":"N\u00e1vrhy Interi\u00e9r\u016f","url":"https:\/\/interiumpro.cz\/en\/","logo":{"@type":"ImageObject","inLanguage":"en-US","@id":"https:\/\/interiumpro.cz\/en\/#\/schema\/logo\/image\/","url":"https:\/\/interiumpro.cz\/wp-content\/uploads\/2020\/04\/cropped-logo-interium14-1024x292-1.png","contentUrl":"https:\/\/interiumpro.cz\/wp-content\/uploads\/2020\/04\/cropped-logo-interium14-1024x292-1.png","width":1022,"height":292,"caption":"InteriumPro N\u00e1vrhy Interi\u00e9r\u016f"},"image":{"@id":"https:\/\/interiumpro.cz\/en\/#\/schema\/logo\/image\/"},"sameAs":["https:\/\/www.facebook.com\/interiumpro.cz\/"]},{"@type":"Person","@id":"https:\/\/interiumpro.cz\/en\/#\/schema\/person\/873c9dcbf5578b6966ddbab211176470","name":"intadmin"}]}},"_links":{"self":[{"href":"https:\/\/interiumpro.cz\/en\/wp-json\/wp\/v2\/posts\/21446","targetHints":{"allow":["GET"]}}],"collection":[{"href":"https:\/\/interiumpro.cz\/en\/wp-json\/wp\/v2\/posts"}],"about":[{"href":"https:\/\/interiumpro.cz\/en\/wp-json\/wp\/v2\/types\/post"}],"author":[{"embeddable":true,"href":"https:\/\/interiumpro.cz\/en\/wp-json\/wp\/v2\/users\/1"}],"replies":[{"embeddable":true,"href":"https:\/\/interiumpro.cz\/en\/wp-json\/wp\/v2\/comments?post=21446"}],"version-history":[{"count":0,"href":"https:\/\/interiumpro.cz\/en\/wp-json\/wp\/v2\/posts\/21446\/revisions"}],"wp:featuredmedia":[{"embeddable":true,"href":"https:\/\/interiumpro.cz\/en\/wp-json\/wp\/v2\/media\/14864"}],"wp:attachment":[{"href":"https:\/\/interiumpro.cz\/en\/wp-json\/wp\/v2\/media?parent=21446"}],"wp:term":[{"taxonomy":"category","embeddable":true,"href":"https:\/\/interiumpro.cz\/en\/wp-json\/wp\/v2\/categories?post=21446"},{"taxonomy":"post_tag","embeddable":true,"href":"https:\/\/interiumpro.cz\/en\/wp-json\/wp\/v2\/tags?post=21446"}],"curies":[{"name":"wp","href":"https:\/\/api.w.org\/{rel}","templated":true}]}}