{"id":21442,"date":"2025-01-25T16:09:06","date_gmt":"2025-01-25T15:09:06","guid":{"rendered":"https:\/\/interiumpro.cz\/uncategorized\/apartment-interior-design\/"},"modified":"2025-01-25T16:09:07","modified_gmt":"2025-01-25T15:09:07","slug":"apartment-interior-design","status":"publish","type":"post","link":"https:\/\/interiumpro.cz\/en\/interior-design-of-apartments-and-houses\/apartment-interior-design\/","title":{"rendered":"Interior design of apartment 3 Kk Mod\u0159any"},"content":{"rendered":"\t\t<div data-elementor-type=\"wp-page\" data-elementor-id=\"21442\" class=\"elementor elementor-21442 elementor-15346\" data-elementor-post-type=\"post\">\n\t\t\t\t\t\t<section class=\"elementor-section elementor-top-section elementor-element elementor-element-3635cc7c elementor-section-stretched elementor-reverse-mobile elementor-section-boxed elementor-section-height-default elementor-section-height-default\" data-id=\"3635cc7c\" data-element_type=\"section\" data-e-type=\"section\" data-settings=\"{&quot;stretch_section&quot;:&quot;section-stretched&quot;}\">\n\t\t\t\t\t\t<div class=\"elementor-container elementor-column-gap-wide\">\n\t\t\t\t\t<div class=\"elementor-column elementor-col-100 elementor-top-column elementor-element elementor-element-3afa7daa\" data-id=\"3afa7daa\" data-element_type=\"column\" data-e-type=\"column\">\n\t\t\t<div class=\"elementor-widget-wrap elementor-element-populated\">\n\t\t\t\t\t\t<div class=\"elementor-element elementor-element-a6a04c7 elementor-widget elementor-widget-breadcrumbs\" data-id=\"a6a04c7\" data-element_type=\"widget\" data-e-type=\"widget\" data-widget_type=\"breadcrumbs.default\">\n\t\t\t\t<div class=\"elementor-widget-container\">\n\t\t\t\t\t<div id=\"breadcrumbs\"><span><span><a href=\"https:\/\/interiumpro.cz\/en\/\">Dom\u016f<\/a><\/span><\/span><\/div>\t\t\t\t<\/div>\n\t\t\t\t<\/div>\n\t\t\t\t\t<\/div>\n\t\t<\/div>\n\t\t\t\t\t<\/div>\n\t\t<\/section>\n\t\t\t\t<section class=\"elementor-section elementor-top-section elementor-element elementor-element-e7af3bd elementor-section-stretched elementor-section-boxed elementor-section-height-default elementor-section-height-default\" data-id=\"e7af3bd\" data-element_type=\"section\" data-e-type=\"section\" data-settings=\"{&quot;stretch_section&quot;:&quot;section-stretched&quot;}\">\n\t\t\t\t\t\t\t<div class=\"elementor-background-overlay\"><\/div>\n\t\t\t\t\t\t\t<div class=\"elementor-container elementor-column-gap-default\">\n\t\t\t\t\t<div class=\"elementor-column elementor-col-100 elementor-top-column elementor-element elementor-element-290d378d\" data-id=\"290d378d\" data-element_type=\"column\" data-e-type=\"column\">\n\t\t\t<div class=\"elementor-widget-wrap elementor-element-populated\">\n\t\t\t\t\t\t<div class=\"elementor-element elementor-element-38450ac7 elementor-widget elementor-widget-heading\" data-id=\"38450ac7\" data-element_type=\"widget\" data-e-type=\"widget\" data-widget_type=\"heading.default\">\n\t\t\t\t<div class=\"elementor-widget-container\">\n\t\t\t\t\t<h1 class=\"elementor-heading-title elementor-size-default\">Interior design of apartment 3 Kk Mod\u0159any<\/h1>\t\t\t\t<\/div>\n\t\t\t\t<\/div>\n\t\t\t\t\t<\/div>\n\t\t<\/div>\n\t\t\t\t\t<\/div>\n\t\t<\/section>\n\t\t\t\t<section class=\"elementor-section elementor-top-section elementor-element elementor-element-558fc6ce elementor-section-stretched elementor-section-boxed elementor-section-height-default elementor-section-height-default\" data-id=\"558fc6ce\" data-element_type=\"section\" data-e-type=\"section\" data-settings=\"{&quot;stretch_section&quot;:&quot;section-stretched&quot;}\">\n\t\t\t\t\t\t<div class=\"elementor-container elementor-column-gap-wide\">\n\t\t\t\t\t<div class=\"elementor-column elementor-col-66 elementor-top-column elementor-element elementor-element-678f4759\" data-id=\"678f4759\" data-element_type=\"column\" data-e-type=\"column\">\n\t\t\t<div class=\"elementor-widget-wrap elementor-element-populated\">\n\t\t\t\t\t\t<div class=\"elementor-element elementor-element-517ed983 elementor-widget elementor-widget-heading\" data-id=\"517ed983\" data-element_type=\"widget\" data-e-type=\"widget\" data-widget_type=\"heading.default\">\n\t\t\t\t<div class=\"elementor-widget-container\">\n\t\t\t\t\t<h2 class=\"elementor-heading-title elementor-size-default\">Bedroom design in natural style<\/h2>\t\t\t\t<\/div>\n\t\t\t\t<\/div>\n\t\t\t\t<div class=\"elementor-element elementor-element-4d75a782 elementor-widget elementor-widget-image\" data-id=\"4d75a782\" data-element_type=\"widget\" data-e-type=\"widget\" data-widget_type=\"image.default\">\n\t\t\t\t<div class=\"elementor-widget-container\">\n\t\t\t\t\t\t\t\t\t\t\t\t\t\t\t\t<a href=\"https:\/\/interiumpro.cz\/wp-content\/uploads\/2024\/08\/navrh-loznice-v-prirodnim-stylu-4.jpg\" data-elementor-open-lightbox=\"yes\" data-e-action-hash=\"#elementor-action%3Aaction%3Dlightbox%26settings%3DeyJpZCI6MTU0NzUsInVybCI6Imh0dHBzOlwvXC9pbnRlcml1bXByby5jelwvd3AtY29udGVudFwvdXBsb2Fkc1wvMjAyNFwvMDhcL25hdnJoLWxvem5pY2Utdi1wcmlyb2RuaW0tc3R5bHUtNC5qcGcifQ%3D%3D\">\n\t\t\t\t\t\t\t<img fetchpriority=\"high\" decoding=\"async\" width=\"1000\" height=\"562\" src=\"https:\/\/interiumpro.cz\/wp-content\/uploads\/2024\/08\/navrh-loznice-v-prirodnim-stylu-4.jpg\" class=\"attachment-full size-full wp-image-15475\" alt=\"n\u00e1vrh lo\u017enice s vestav\u011bnou sk\u0159\u00edn\u00ed\" srcset=\"https:\/\/interiumpro.cz\/wp-content\/uploads\/2024\/08\/navrh-loznice-v-prirodnim-stylu-4.jpg 1000w, https:\/\/interiumpro.cz\/wp-content\/uploads\/2024\/08\/navrh-loznice-v-prirodnim-stylu-4-300x169.jpg 300w, https:\/\/interiumpro.cz\/wp-content\/uploads\/2024\/08\/navrh-loznice-v-prirodnim-stylu-4-768x432.jpg 768w\" sizes=\"(max-width: 1000px) 100vw, 1000px\" \/>\t\t\t\t\t\t\t\t<\/a>\n\t\t\t\t\t\t\t\t\t\t\t\t\t\t\t<\/div>\n\t\t\t\t<\/div>\n\t\t\t\t<div class=\"elementor-element elementor-element-9182df4 elementor-widget elementor-widget-image\" data-id=\"9182df4\" data-element_type=\"widget\" data-e-type=\"widget\" data-widget_type=\"image.default\">\n\t\t\t\t<div class=\"elementor-widget-container\">\n\t\t\t\t\t\t\t\t\t\t\t\t\t\t\t\t<a href=\"https:\/\/interiumpro.cz\/wp-content\/uploads\/2024\/08\/navrh-loznice-v-prirodnim-stylu-3.jpg\" data-elementor-open-lightbox=\"yes\" data-e-action-hash=\"#elementor-action%3Aaction%3Dlightbox%26settings%3DeyJpZCI6MTU0NzIsInVybCI6Imh0dHBzOlwvXC9pbnRlcml1bXByby5jelwvd3AtY29udGVudFwvdXBsb2Fkc1wvMjAyNFwvMDhcL25hdnJoLWxvem5pY2Utdi1wcmlyb2RuaW0tc3R5bHUtMy5qcGcifQ%3D%3D\">\n\t\t\t\t\t\t\t<img decoding=\"async\" width=\"1000\" height=\"695\" src=\"https:\/\/interiumpro.cz\/wp-content\/uploads\/2024\/08\/navrh-loznice-v-prirodnim-stylu-3.jpg\" class=\"attachment-full size-full wp-image-15472\" alt=\"n\u00e1vrh lo\u017enice s vestav\u011bnou sk\u0159\u00edn\u00ed\" srcset=\"https:\/\/interiumpro.cz\/wp-content\/uploads\/2024\/08\/navrh-loznice-v-prirodnim-stylu-3.jpg 1000w, https:\/\/interiumpro.cz\/wp-content\/uploads\/2024\/08\/navrh-loznice-v-prirodnim-stylu-3-300x209.jpg 300w, https:\/\/interiumpro.cz\/wp-content\/uploads\/2024\/08\/navrh-loznice-v-prirodnim-stylu-3-768x534.jpg 768w\" sizes=\"(max-width: 1000px) 100vw, 1000px\" \/>\t\t\t\t\t\t\t\t<\/a>\n\t\t\t\t\t\t\t\t\t\t\t\t\t\t\t<\/div>\n\t\t\t\t<\/div>\n\t\t\t\t<div class=\"elementor-element elementor-element-05a377d elementor-widget elementor-widget-image\" data-id=\"05a377d\" data-element_type=\"widget\" data-e-type=\"widget\" data-widget_type=\"image.default\">\n\t\t\t\t<div class=\"elementor-widget-container\">\n\t\t\t\t\t\t\t\t\t\t\t\t\t\t\t\t<a href=\"https:\/\/interiumpro.cz\/wp-content\/uploads\/2024\/08\/navrh-loznice-v-prirodnim-stylu-2.jpg\" data-elementor-open-lightbox=\"yes\" data-e-action-hash=\"#elementor-action%3Aaction%3Dlightbox%26settings%3DeyJpZCI6MTU0NjksInVybCI6Imh0dHBzOlwvXC9pbnRlcml1bXByby5jelwvd3AtY29udGVudFwvdXBsb2Fkc1wvMjAyNFwvMDhcL25hdnJoLWxvem5pY2Utdi1wcmlyb2RuaW0tc3R5bHUtMi5qcGcifQ%3D%3D\">\n\t\t\t\t\t\t\t<img decoding=\"async\" width=\"1000\" height=\"562\" src=\"https:\/\/interiumpro.cz\/wp-content\/uploads\/2024\/08\/navrh-loznice-v-prirodnim-stylu-2.jpg\" class=\"attachment-full size-full wp-image-15469\" alt=\"n\u00e1vrh lo\u017enice s vestav\u011bnou sk\u0159\u00edn\u00ed\" srcset=\"https:\/\/interiumpro.cz\/wp-content\/uploads\/2024\/08\/navrh-loznice-v-prirodnim-stylu-2.jpg 1000w, https:\/\/interiumpro.cz\/wp-content\/uploads\/2024\/08\/navrh-loznice-v-prirodnim-stylu-2-300x169.jpg 300w, https:\/\/interiumpro.cz\/wp-content\/uploads\/2024\/08\/navrh-loznice-v-prirodnim-stylu-2-768x432.jpg 768w\" sizes=\"(max-width: 1000px) 100vw, 1000px\" \/>\t\t\t\t\t\t\t\t<\/a>\n\t\t\t\t\t\t\t\t\t\t\t\t\t\t\t<\/div>\n\t\t\t\t<\/div>\n\t\t\t\t<div class=\"elementor-element elementor-element-a5f8b2b elementor-widget elementor-widget-image\" data-id=\"a5f8b2b\" data-element_type=\"widget\" data-e-type=\"widget\" data-widget_type=\"image.default\">\n\t\t\t\t<div class=\"elementor-widget-container\">\n\t\t\t\t\t\t\t\t\t\t\t\t\t\t\t\t<a href=\"https:\/\/interiumpro.cz\/wp-content\/uploads\/2024\/08\/navrh-loznice-v-prirodnim-stylu-1.jpg\" data-elementor-open-lightbox=\"yes\" data-e-action-hash=\"#elementor-action%3Aaction%3Dlightbox%26settings%3DeyJpZCI6MTU0NjYsInVybCI6Imh0dHBzOlwvXC9pbnRlcml1bXByby5jelwvd3AtY29udGVudFwvdXBsb2Fkc1wvMjAyNFwvMDhcL25hdnJoLWxvem5pY2Utdi1wcmlyb2RuaW0tc3R5bHUtMS5qcGcifQ%3D%3D\">\n\t\t\t\t\t\t\t<img loading=\"lazy\" decoding=\"async\" width=\"1000\" height=\"622\" src=\"https:\/\/interiumpro.cz\/wp-content\/uploads\/2024\/08\/navrh-loznice-v-prirodnim-stylu-1.jpg\" class=\"attachment-full size-full wp-image-15466\" alt=\"n\u00e1vrh lo\u017enice s vestav\u011bnou sk\u0159\u00edn\u00ed\" srcset=\"https:\/\/interiumpro.cz\/wp-content\/uploads\/2024\/08\/navrh-loznice-v-prirodnim-stylu-1.jpg 1000w, https:\/\/interiumpro.cz\/wp-content\/uploads\/2024\/08\/navrh-loznice-v-prirodnim-stylu-1-300x187.jpg 300w, https:\/\/interiumpro.cz\/wp-content\/uploads\/2024\/08\/navrh-loznice-v-prirodnim-stylu-1-768x478.jpg 768w\" sizes=\"(max-width: 1000px) 100vw, 1000px\" \/>\t\t\t\t\t\t\t\t<\/a>\n\t\t\t\t\t\t\t\t\t\t\t\t\t\t\t<\/div>\n\t\t\t\t<\/div>\n\t\t\t\t<div class=\"elementor-element elementor-element-4d03f8c elementor-widget elementor-widget-heading\" data-id=\"4d03f8c\" data-element_type=\"widget\" data-e-type=\"widget\" data-widget_type=\"heading.default\">\n\t\t\t\t<div class=\"elementor-widget-container\">\n\t\t\t\t\t<h3 class=\"elementor-heading-title elementor-size-default\">Design of a children's room for two children<\/h3>\t\t\t\t<\/div>\n\t\t\t\t<\/div>\n\t\t\t\t<div class=\"elementor-element elementor-element-3648a26 elementor-widget elementor-widget-image\" data-id=\"3648a26\" data-element_type=\"widget\" data-e-type=\"widget\" data-widget_type=\"image.default\">\n\t\t\t\t<div class=\"elementor-widget-container\">\n\t\t\t\t\t\t\t\t\t\t\t\t<figure class=\"wp-caption\">\n\t\t\t\t\t\t\t\t\t\t\t<a href=\"https:\/\/interiumpro.cz\/wp-content\/uploads\/2024\/08\/Navrh-detskeho-pokoje-pro-dve-deti-4.jpg\" data-elementor-open-lightbox=\"yes\" data-e-action-hash=\"#elementor-action%3Aaction%3Dlightbox%26settings%3DeyJpZCI6MTUzNTcsInVybCI6Imh0dHBzOlwvXC9pbnRlcml1bXByby5jelwvd3AtY29udGVudFwvdXBsb2Fkc1wvMjAyNFwvMDhcL05hdnJoLWRldHNrZWhvLXBva29qZS1wcm8tZHZlLWRldGktNC5qcGcifQ%3D%3D\">\n\t\t\t\t\t\t\t<img loading=\"lazy\" decoding=\"async\" width=\"1000\" height=\"613\" src=\"https:\/\/interiumpro.cz\/wp-content\/uploads\/2024\/08\/Navrh-detskeho-pokoje-pro-dve-deti-4.jpg\" class=\"attachment-full size-full wp-image-15357\" alt=\"N\u00e1vrhy d\u011btsk\u00e9ho pokoje pro dva\" srcset=\"https:\/\/interiumpro.cz\/wp-content\/uploads\/2024\/08\/Navrh-detskeho-pokoje-pro-dve-deti-4.jpg 1000w, https:\/\/interiumpro.cz\/wp-content\/uploads\/2024\/08\/Navrh-detskeho-pokoje-pro-dve-deti-4-300x184.jpg 300w, https:\/\/interiumpro.cz\/wp-content\/uploads\/2024\/08\/Navrh-detskeho-pokoje-pro-dve-deti-4-768x471.jpg 768w\" sizes=\"(max-width: 1000px) 100vw, 1000px\" \/>\t\t\t\t\t\t\t\t<\/a>\n\t\t\t\t\t\t\t\t\t\t\t<figcaption class=\"widget-image-caption wp-caption-text\"><\/figcaption>\n\t\t\t\t\t\t\t\t\t\t<\/figure>\n\t\t\t\t\t\t\t\t\t<\/div>\n\t\t\t\t<\/div>\n\t\t\t\t<div class=\"elementor-element elementor-element-596f034 elementor-widget elementor-widget-image\" data-id=\"596f034\" data-element_type=\"widget\" data-e-type=\"widget\" data-widget_type=\"image.default\">\n\t\t\t\t<div class=\"elementor-widget-container\">\n\t\t\t\t\t\t\t\t\t\t\t\t\t\t\t\t<a href=\"https:\/\/interiumpro.cz\/wp-content\/uploads\/2024\/08\/Navrh-detskeho-pokoje-pro-dve-deti-6.jpg\" data-elementor-open-lightbox=\"yes\" data-e-action-hash=\"#elementor-action%3Aaction%3Dlightbox%26settings%3DeyJpZCI6MTUzNjMsInVybCI6Imh0dHBzOlwvXC9pbnRlcml1bXByby5jelwvd3AtY29udGVudFwvdXBsb2Fkc1wvMjAyNFwvMDhcL05hdnJoLWRldHNrZWhvLXBva29qZS1wcm8tZHZlLWRldGktNi5qcGcifQ%3D%3D\">\n\t\t\t\t\t\t\t<img loading=\"lazy\" decoding=\"async\" width=\"1000\" height=\"663\" src=\"https:\/\/interiumpro.cz\/wp-content\/uploads\/2024\/08\/Navrh-detskeho-pokoje-pro-dve-deti-6.jpg\" class=\"attachment-full size-full wp-image-15363\" alt=\"N\u00e1vrhy d\u011btsk\u00e9ho pokoje pro dva\" srcset=\"https:\/\/interiumpro.cz\/wp-content\/uploads\/2024\/08\/Navrh-detskeho-pokoje-pro-dve-deti-6.jpg 1000w, https:\/\/interiumpro.cz\/wp-content\/uploads\/2024\/08\/Navrh-detskeho-pokoje-pro-dve-deti-6-300x199.jpg 300w, https:\/\/interiumpro.cz\/wp-content\/uploads\/2024\/08\/Navrh-detskeho-pokoje-pro-dve-deti-6-768x509.jpg 768w\" sizes=\"(max-width: 1000px) 100vw, 1000px\" \/>\t\t\t\t\t\t\t\t<\/a>\n\t\t\t\t\t\t\t\t\t\t\t\t\t\t\t<\/div>\n\t\t\t\t<\/div>\n\t\t\t\t<div class=\"elementor-element elementor-element-482e8ca elementor-widget elementor-widget-image\" data-id=\"482e8ca\" data-element_type=\"widget\" data-e-type=\"widget\" data-widget_type=\"image.default\">\n\t\t\t\t<div class=\"elementor-widget-container\">\n\t\t\t\t\t\t\t\t\t\t\t\t\t\t\t\t<a href=\"https:\/\/interiumpro.cz\/wp-content\/uploads\/2024\/08\/Navrh-detskeho-pokoje-pro-dve-deti-5.jpg\" data-elementor-open-lightbox=\"yes\" data-e-action-hash=\"#elementor-action%3Aaction%3Dlightbox%26settings%3DeyJpZCI6MTUzNjAsInVybCI6Imh0dHBzOlwvXC9pbnRlcml1bXByby5jelwvd3AtY29udGVudFwvdXBsb2Fkc1wvMjAyNFwvMDhcL05hdnJoLWRldHNrZWhvLXBva29qZS1wcm8tZHZlLWRldGktNS5qcGcifQ%3D%3D\">\n\t\t\t\t\t\t\t<img loading=\"lazy\" decoding=\"async\" width=\"1000\" height=\"621\" src=\"https:\/\/interiumpro.cz\/wp-content\/uploads\/2024\/08\/Navrh-detskeho-pokoje-pro-dve-deti-5.jpg\" class=\"attachment-full size-full wp-image-15360\" alt=\"N\u00e1vrhy d\u011btsk\u00e9ho pokoje pro dva\" srcset=\"https:\/\/interiumpro.cz\/wp-content\/uploads\/2024\/08\/Navrh-detskeho-pokoje-pro-dve-deti-5.jpg 1000w, https:\/\/interiumpro.cz\/wp-content\/uploads\/2024\/08\/Navrh-detskeho-pokoje-pro-dve-deti-5-300x186.jpg 300w, https:\/\/interiumpro.cz\/wp-content\/uploads\/2024\/08\/Navrh-detskeho-pokoje-pro-dve-deti-5-768x477.jpg 768w\" sizes=\"(max-width: 1000px) 100vw, 1000px\" \/>\t\t\t\t\t\t\t\t<\/a>\n\t\t\t\t\t\t\t\t\t\t\t\t\t\t\t<\/div>\n\t\t\t\t<\/div>\n\t\t\t\t<div class=\"elementor-element elementor-element-19674534 elementor-widget elementor-widget-image\" data-id=\"19674534\" data-element_type=\"widget\" data-e-type=\"widget\" data-widget_type=\"image.default\">\n\t\t\t\t<div class=\"elementor-widget-container\">\n\t\t\t\t\t\t\t\t\t\t\t\t\t\t\t\t<a href=\"https:\/\/interiumpro.cz\/wp-content\/uploads\/2024\/08\/Navrh-detskeho-pokoje-pro-dve-deti-7.jpg\" data-elementor-open-lightbox=\"yes\" data-e-action-hash=\"#elementor-action%3Aaction%3Dlightbox%26settings%3DeyJpZCI6MTUzNjYsInVybCI6Imh0dHBzOlwvXC9pbnRlcml1bXByby5jelwvd3AtY29udGVudFwvdXBsb2Fkc1wvMjAyNFwvMDhcL05hdnJoLWRldHNrZWhvLXBva29qZS1wcm8tZHZlLWRldGktNy5qcGcifQ%3D%3D\">\n\t\t\t\t\t\t\t<img loading=\"lazy\" decoding=\"async\" width=\"1000\" height=\"583\" src=\"https:\/\/interiumpro.cz\/wp-content\/uploads\/2024\/08\/Navrh-detskeho-pokoje-pro-dve-deti-7.jpg\" class=\"attachment-full size-full wp-image-15366\" alt=\"N\u00e1vrhy d\u011btsk\u00e9ho pokoje pro dva\" srcset=\"https:\/\/interiumpro.cz\/wp-content\/uploads\/2024\/08\/Navrh-detskeho-pokoje-pro-dve-deti-7.jpg 1000w, https:\/\/interiumpro.cz\/wp-content\/uploads\/2024\/08\/Navrh-detskeho-pokoje-pro-dve-deti-7-300x175.jpg 300w, https:\/\/interiumpro.cz\/wp-content\/uploads\/2024\/08\/Navrh-detskeho-pokoje-pro-dve-deti-7-768x448.jpg 768w\" sizes=\"(max-width: 1000px) 100vw, 1000px\" \/>\t\t\t\t\t\t\t\t<\/a>\n\t\t\t\t\t\t\t\t\t\t\t\t\t\t\t<\/div>\n\t\t\t\t<\/div>\n\t\t\t\t<div class=\"elementor-element elementor-element-7b82e23 elementor-widget elementor-widget-image\" data-id=\"7b82e23\" data-element_type=\"widget\" data-e-type=\"widget\" data-widget_type=\"image.default\">\n\t\t\t\t<div class=\"elementor-widget-container\">\n\t\t\t\t\t\t\t\t\t\t\t\t\t\t\t\t<a href=\"https:\/\/interiumpro.cz\/wp-content\/uploads\/2024\/08\/Navrh-detskeho-pokoje-pro-dve-deti-1-1.jpg\" data-elementor-open-lightbox=\"yes\" data-e-action-hash=\"#elementor-action%3Aaction%3Dlightbox%26settings%3DeyJpZCI6MTUzNzQsInVybCI6Imh0dHBzOlwvXC9pbnRlcml1bXByby5jelwvd3AtY29udGVudFwvdXBsb2Fkc1wvMjAyNFwvMDhcL05hdnJoLWRldHNrZWhvLXBva29qZS1wcm8tZHZlLWRldGktMS0xLmpwZyJ9\">\n\t\t\t\t\t\t\t<img loading=\"lazy\" decoding=\"async\" width=\"1000\" height=\"604\" src=\"https:\/\/interiumpro.cz\/wp-content\/uploads\/2024\/08\/Navrh-detskeho-pokoje-pro-dve-deti-1-1.jpg\" class=\"attachment-full size-full wp-image-15374\" alt=\"N\u00e1vrh d\u011btsk\u00e9ho pokoje pro dva\" srcset=\"https:\/\/interiumpro.cz\/wp-content\/uploads\/2024\/08\/Navrh-detskeho-pokoje-pro-dve-deti-1-1.jpg 1000w, https:\/\/interiumpro.cz\/wp-content\/uploads\/2024\/08\/Navrh-detskeho-pokoje-pro-dve-deti-1-1-300x181.jpg 300w, https:\/\/interiumpro.cz\/wp-content\/uploads\/2024\/08\/Navrh-detskeho-pokoje-pro-dve-deti-1-1-768x464.jpg 768w\" sizes=\"(max-width: 1000px) 100vw, 1000px\" \/>\t\t\t\t\t\t\t\t<\/a>\n\t\t\t\t\t\t\t\t\t\t\t\t\t\t\t<\/div>\n\t\t\t\t<\/div>\n\t\t\t\t<div class=\"elementor-element elementor-element-16b60cd4 elementor-widget elementor-widget-image\" data-id=\"16b60cd4\" data-element_type=\"widget\" data-e-type=\"widget\" data-widget_type=\"image.default\">\n\t\t\t\t<div class=\"elementor-widget-container\">\n\t\t\t\t\t\t\t\t\t\t\t\t\t\t\t\t<a href=\"https:\/\/interiumpro.cz\/wp-content\/uploads\/2024\/08\/Navrh-detskeho-pokoje-pro-dve-deti-2.jpg\" data-elementor-open-lightbox=\"yes\" data-e-action-hash=\"#elementor-action%3Aaction%3Dlightbox%26settings%3DeyJpZCI6MTUzNTEsInVybCI6Imh0dHBzOlwvXC9pbnRlcml1bXByby5jelwvd3AtY29udGVudFwvdXBsb2Fkc1wvMjAyNFwvMDhcL05hdnJoLWRldHNrZWhvLXBva29qZS1wcm8tZHZlLWRldGktMi5qcGcifQ%3D%3D\">\n\t\t\t\t\t\t\t<img loading=\"lazy\" decoding=\"async\" width=\"1000\" height=\"670\" src=\"https:\/\/interiumpro.cz\/wp-content\/uploads\/2024\/08\/Navrh-detskeho-pokoje-pro-dve-deti-2.jpg\" class=\"attachment-full size-full wp-image-15351\" alt=\"N\u00e1vrhy d\u011btsk\u00e9ho pokoje pro dva\" srcset=\"https:\/\/interiumpro.cz\/wp-content\/uploads\/2024\/08\/Navrh-detskeho-pokoje-pro-dve-deti-2.jpg 1000w, https:\/\/interiumpro.cz\/wp-content\/uploads\/2024\/08\/Navrh-detskeho-pokoje-pro-dve-deti-2-300x201.jpg 300w, https:\/\/interiumpro.cz\/wp-content\/uploads\/2024\/08\/Navrh-detskeho-pokoje-pro-dve-deti-2-768x515.jpg 768w\" sizes=\"(max-width: 1000px) 100vw, 1000px\" \/>\t\t\t\t\t\t\t\t<\/a>\n\t\t\t\t\t\t\t\t\t\t\t\t\t\t\t<\/div>\n\t\t\t\t<\/div>\n\t\t\t\t<div class=\"elementor-element elementor-element-49f6ea84 elementor-widget elementor-widget-image\" data-id=\"49f6ea84\" data-element_type=\"widget\" data-e-type=\"widget\" data-widget_type=\"image.default\">\n\t\t\t\t<div class=\"elementor-widget-container\">\n\t\t\t\t\t\t\t\t\t\t\t\t\t\t\t\t<a href=\"https:\/\/interiumpro.cz\/wp-content\/uploads\/2024\/08\/Navrh-detskeho-pokoje-pro-dve-deti-3.jpg\" data-elementor-open-lightbox=\"yes\" data-e-action-hash=\"#elementor-action%3Aaction%3Dlightbox%26settings%3DeyJpZCI6MTUzNTQsInVybCI6Imh0dHBzOlwvXC9pbnRlcml1bXByby5jelwvd3AtY29udGVudFwvdXBsb2Fkc1wvMjAyNFwvMDhcL05hdnJoLWRldHNrZWhvLXBva29qZS1wcm8tZHZlLWRldGktMy5qcGcifQ%3D%3D\">\n\t\t\t\t\t\t\t<img loading=\"lazy\" decoding=\"async\" width=\"1000\" height=\"644\" src=\"https:\/\/interiumpro.cz\/wp-content\/uploads\/2024\/08\/Navrh-detskeho-pokoje-pro-dve-deti-3.jpg\" class=\"attachment-full size-full wp-image-15354\" alt=\"N\u00e1vrhy d\u011btsk\u00e9ho pokoje pro dva\" srcset=\"https:\/\/interiumpro.cz\/wp-content\/uploads\/2024\/08\/Navrh-detskeho-pokoje-pro-dve-deti-3.jpg 1000w, https:\/\/interiumpro.cz\/wp-content\/uploads\/2024\/08\/Navrh-detskeho-pokoje-pro-dve-deti-3-300x193.jpg 300w, https:\/\/interiumpro.cz\/wp-content\/uploads\/2024\/08\/Navrh-detskeho-pokoje-pro-dve-deti-3-768x495.jpg 768w\" sizes=\"(max-width: 1000px) 100vw, 1000px\" \/>\t\t\t\t\t\t\t\t<\/a>\n\t\t\t\t\t\t\t\t\t\t\t\t\t\t\t<\/div>\n\t\t\t\t<\/div>\n\t\t\t\t\t<\/div>\n\t\t<\/div>\n\t\t\t\t<div class=\"elementor-column elementor-col-33 elementor-top-column elementor-element elementor-element-3d255928\" data-id=\"3d255928\" data-element_type=\"column\" data-e-type=\"column\" data-settings=\"{&quot;motion_fx_motion_fx_scrolling&quot;:&quot;yes&quot;,&quot;motion_fx_devices&quot;:[&quot;desktop&quot;,&quot;tablet&quot;,&quot;mobile&quot;]}\">\n\t\t\t<div class=\"elementor-widget-wrap elementor-element-populated\">\n\t\t\t\t\t\t<div class=\"elementor-element elementor-element-27e4b27b elementor-widget elementor-widget-text-editor\" data-id=\"27e4b27b\" data-element_type=\"widget\" data-e-type=\"widget\" data-widget_type=\"text-editor.default\">\n\t\t\t\t<div class=\"elementor-widget-container\">\n\t\t\t\t\t\t\t\t\t<h4><span style=\"font-size: 14pt;\">Bedrooms<\/span><\/h4>\n<p>This bedroom design combines modern style with natural elements to create a harmonious and peaceful atmosphere.\nThe dominant feature is the bespoke wardrobe, which offers plenty of storage space and is designed to fit perfectly into the layout of the room.\nThe wardrobe is equipped with clever solutions such as pull-out hangers and drawers to ensure maximum storage efficiency.\nThe natural-style bedroom combines wood and neutral colours, contributing to a feeling of well-being and relaxation.   <\/p>\n<h4><span style=\"font-size: 14pt;\">Children&#8217;s room<\/span><\/h4>\n<p>The interior design of the children&#8217;s room for two children is based on natural and green colors that create a calm and fresh atmosphere.\nThe room is designed to &#8220;grow&#8221; with the children &#8211; the cot will be replaced by a second desk in the future, and the toy shelf will gradually be replaced by a cupboard with glass shelves where children&#8217;s creations such as Legos or ceramics can be displayed, as well as school supplies.\nThe room also includes a sports corner, which is suitable for both small and larger children and allows for the hanging of a swing or rope ladder.\nThe bunk bed is made from high quality materials and designed for long term use.\nThe residential architect has also kept the budget in mind, with the stylish and neutral base (wardrobe, bed) remaining constant, while the decorations and decals can be easily and inexpensively changed according to the age and interests of the children.    <\/p>\t\t\t\t\t\t\t\t<\/div>\n\t\t\t\t<\/div>\n\t\t\t\t<div class=\"elementor-element elementor-element-5341dd65 elementor-widget elementor-widget-heading\" data-id=\"5341dd65\" data-element_type=\"widget\" data-e-type=\"widget\" data-widget_type=\"heading.default\">\n\t\t\t\t<div class=\"elementor-widget-container\">\n\t\t\t\t\t<h2 class=\"elementor-heading-title elementor-size-default\">What can we offer you?<\/h2>\t\t\t\t<\/div>\n\t\t\t\t<\/div>\n\t\t\t\t<div class=\"elementor-element elementor-element-ebf5f56 elementor-widget__width-initial elementor-widget elementor-widget-global elementor-global-19304 elementor-global-19080 elementor-widget-text-editor\" data-id=\"ebf5f56\" data-element_type=\"widget\" data-e-type=\"widget\" data-widget_type=\"text-editor.default\">\n\t\t\t\t<div class=\"elementor-widget-container\">\n\t\t\t\t\t\t\t\t\t<p>Our <a href=\"https:\/\/interiumpro.cz\/en\/about-us\/\">interior designers<\/a> will create a home exactly to your liking &#8211; from the complete interior to individual rooms such as the living room, kitchen, children&#8217;s room, study or bedroom.<\/p><p>Is this a renovation or a new build? We will take care of <a href=\"https:\/\/interiumpro.cz\/blog-o-interierovem-designu\/autorsky-dohled-nad-realizaci-interieru\/\">the interior design<\/a>, production documents, organization, purchasing and supervision of craftsmen. <\/p><p>If you want, we can take the entire interior realization into our own hands and complete it in accordance with the project with an emphasis on quality and reliability.<\/p>\t\t\t\t\t\t\t\t<\/div>\n\t\t\t\t<\/div>\n\t\t\t\t\t<\/div>\n\t\t<\/div>\n\t\t\t\t\t<\/div>\n\t\t<\/section>\n\t\t\t\t<section class=\"elementor-section elementor-top-section elementor-element elementor-element-42743b8e elementor-section-stretched elementor-reverse-mobile elementor-section-boxed elementor-section-height-default elementor-section-height-default\" data-id=\"42743b8e\" data-element_type=\"section\" data-e-type=\"section\" data-settings=\"{&quot;stretch_section&quot;:&quot;section-stretched&quot;}\">\n\t\t\t\t\t\t<div class=\"elementor-container elementor-column-gap-wide\">\n\t\t\t\t\t<div class=\"elementor-column elementor-col-100 elementor-top-column elementor-element elementor-element-66af813d\" data-id=\"66af813d\" data-element_type=\"column\" data-e-type=\"column\">\n\t\t\t<div class=\"elementor-widget-wrap elementor-element-populated\">\n\t\t\t\t\t\t<div class=\"elementor-element elementor-element-4983b3a2 elementor-widget elementor-widget-heading\" data-id=\"4983b3a2\" data-element_type=\"widget\" data-e-type=\"widget\" data-widget_type=\"heading.default\">\n\t\t\t\t<div class=\"elementor-widget-container\">\n\t\t\t\t\t<h2 class=\"elementor-heading-title elementor-size-default\">Check out our latest projects<\/h2>\t\t\t\t<\/div>\n\t\t\t\t<\/div>\n\t\t\t\t\t<\/div>\n\t\t<\/div>\n\t\t\t\t\t<\/div>\n\t\t<\/section>\n\t\t\t\t<section class=\"elementor-section elementor-top-section elementor-element elementor-element-24368484 elementor-section-stretched elementor-section-boxed elementor-section-height-default elementor-section-height-default\" data-id=\"24368484\" data-element_type=\"section\" data-e-type=\"section\" data-settings=\"{&quot;stretch_section&quot;:&quot;section-stretched&quot;}\">\n\t\t\t\t\t\t<div class=\"elementor-container elementor-column-gap-default\">\n\t\t\t\t\t<div class=\"elementor-column elementor-col-100 elementor-top-column elementor-element elementor-element-24533cf3\" data-id=\"24533cf3\" data-element_type=\"column\" data-e-type=\"column\">\n\t\t\t<div class=\"elementor-widget-wrap elementor-element-populated\">\n\t\t\t\t\t\t<div class=\"elementor-element elementor-element-1470f499 elementor-grid-4 elementor-posts--thumbnail-top elementor-grid-tablet-2 elementor-grid-mobile-1 elementor-widget elementor-widget-posts\" data-id=\"1470f499\" data-element_type=\"widget\" data-e-type=\"widget\" data-settings=\"{&quot;custom_columns&quot;:&quot;4&quot;,&quot;custom_row_gap&quot;:{&quot;unit&quot;:&quot;px&quot;,&quot;size&quot;:15,&quot;sizes&quot;:[]},&quot;custom_columns_tablet&quot;:&quot;2&quot;,&quot;custom_columns_mobile&quot;:&quot;1&quot;,&quot;custom_row_gap_tablet&quot;:{&quot;unit&quot;:&quot;px&quot;,&quot;size&quot;:&quot;&quot;,&quot;sizes&quot;:[]},&quot;custom_row_gap_mobile&quot;:{&quot;unit&quot;:&quot;px&quot;,&quot;size&quot;:&quot;&quot;,&quot;sizes&quot;:[]}}\" data-widget_type=\"posts.custom\">\n\t\t\t\t<div class=\"elementor-widget-container\">\n\t\t\t\t\t      <div class=\"ecs-posts elementor-posts-container elementor-posts   elementor-grid elementor-posts--skin-custom\" data-settings=\"{&quot;current_page&quot;:1,&quot;max_num_pages&quot;:0,&quot;load_method&quot;:&quot;loadmore&quot;,&quot;widget_id&quot;:&quot;1470f499&quot;,&quot;post_id&quot;:21442,&quot;theme_id&quot;:21442,&quot;change_url&quot;:false,&quot;reinit_js&quot;:false}\">\n      <div class=\"elementor-posts-nothing-found\"><\/div>\t\t<\/div>\n\t\t\t\t\t\t<\/div>\n\t\t\t\t<\/div>\n\t\t\t\t\t<\/div>\n\t\t<\/div>\n\t\t\t\t\t<\/div>\n\t\t<\/section>\n\t\t\t\t<\/div>\n\t\t","protected":false},"excerpt":{"rendered":"<p>This apartment is decorated in soft natural shades that provide a harmonious atmosphere.<br \/>\nThe bedroom offers plenty of storage space, while the children&#8217;s room is designed for two children, with an emphasis on practicality and comfort. <\/p>\n","protected":false},"author":1,"featured_media":15485,"comment_status":"closed","ping_status":"closed","sticky":false,"template":"","format":"standard","meta":{"footnotes":""},"categories":[120],"tags":[],"class_list":["post-21442","post","type-post","status-publish","format-standard","has-post-thumbnail","hentry","category-interior-design-of-apartments-and-houses"],"yoast_head":"<!-- This site is optimized with the Yoast SEO Premium plugin v27.4 (Yoast SEO v27.4) - https:\/\/yoast.com\/product\/yoast-seo-premium-wordpress\/ -->\n<title>Interior design of apartment 3 Kk Mod\u0159any &#8211; Interior Design<\/title>\n<meta name=\"robots\" content=\"index, follow, max-snippet:-1, max-image-preview:large, max-video-preview:-1\" \/>\n<link rel=\"canonical\" href=\"https:\/\/interiumpro.cz\/en\/interior-design-of-apartments-and-houses\/apartment-interior-design\/\" \/>\n<meta property=\"og:locale\" content=\"en_US\" \/>\n<meta property=\"og:type\" content=\"article\" \/>\n<meta property=\"og:title\" content=\"Interior design of apartment 3 Kk Mod\u0159any\" \/>\n<meta property=\"og:description\" content=\"This apartment is decorated in soft natural shades that provide a harmonious atmosphere. The bedroom offers plenty of storage space, while the children&#039;s room is designed for two children, with an emphasis on practicality and comfort.\" \/>\n<meta property=\"og:url\" content=\"https:\/\/interiumpro.cz\/en\/interior-design-of-apartments-and-houses\/apartment-interior-design\/\" \/>\n<meta property=\"og:site_name\" content=\"Interior Design\" \/>\n<meta property=\"article:publisher\" content=\"https:\/\/www.facebook.com\/interiumpro.cz\/\" \/>\n<meta property=\"article:published_time\" content=\"2025-01-25T15:09:06+00:00\" \/>\n<meta property=\"article:modified_time\" content=\"2025-01-25T15:09:07+00:00\" \/>\n<meta property=\"og:image\" content=\"https:\/\/interiumpro.cz\/wp-content\/uploads\/2024\/08\/navrh-loznice-v-prirodnim-stylu-m.webp\" \/>\n\t<meta property=\"og:image:width\" content=\"600\" \/>\n\t<meta property=\"og:image:height\" content=\"513\" \/>\n\t<meta property=\"og:image:type\" content=\"image\/jpeg\" \/>\n<meta name=\"author\" content=\"intadmin\" \/>\n<meta name=\"twitter:card\" content=\"summary_large_image\" \/>\n<meta name=\"twitter:label1\" content=\"Written by\" \/>\n\t<meta name=\"twitter:data1\" content=\"intadmin\" \/>\n\t<meta name=\"twitter:label2\" content=\"Est. reading time\" \/>\n\t<meta name=\"twitter:data2\" content=\"2 minutes\" \/>\n<script type=\"application\/ld+json\" class=\"yoast-schema-graph\">{\"@context\":\"https:\\\/\\\/schema.org\",\"@graph\":[{\"@type\":\"Article\",\"@id\":\"https:\\\/\\\/interiumpro.cz\\\/en\\\/interior-design-of-apartments-and-houses\\\/apartment-interior-design\\\/#article\",\"isPartOf\":{\"@id\":\"https:\\\/\\\/interiumpro.cz\\\/en\\\/interior-design-of-apartments-and-houses\\\/apartment-interior-design\\\/\"},\"author\":{\"name\":\"intadmin\",\"@id\":\"https:\\\/\\\/interiumpro.cz\\\/en\\\/#\\\/schema\\\/person\\\/873c9dcbf5578b6966ddbab211176470\"},\"headline\":\"Interior design of apartment 3 Kk Mod\u0159any\",\"datePublished\":\"2025-01-25T15:09:06+00:00\",\"dateModified\":\"2025-01-25T15:09:07+00:00\",\"mainEntityOfPage\":{\"@id\":\"https:\\\/\\\/interiumpro.cz\\\/en\\\/interior-design-of-apartments-and-houses\\\/apartment-interior-design\\\/\"},\"wordCount\":365,\"publisher\":{\"@id\":\"https:\\\/\\\/interiumpro.cz\\\/en\\\/#organization\"},\"image\":{\"@id\":\"https:\\\/\\\/interiumpro.cz\\\/en\\\/interior-design-of-apartments-and-houses\\\/apartment-interior-design\\\/#primaryimage\"},\"thumbnailUrl\":\"https:\\\/\\\/interiumpro.cz\\\/wp-content\\\/uploads\\\/2024\\\/08\\\/navrh-loznice-v-prirodnim-stylu-m.webp\",\"articleSection\":[\"Interior design of apartments and houses\"],\"inLanguage\":\"en-US\"},{\"@type\":\"WebPage\",\"@id\":\"https:\\\/\\\/interiumpro.cz\\\/en\\\/interior-design-of-apartments-and-houses\\\/apartment-interior-design\\\/\",\"url\":\"https:\\\/\\\/interiumpro.cz\\\/en\\\/interior-design-of-apartments-and-houses\\\/apartment-interior-design\\\/\",\"name\":\"Interior design of apartment 3 Kk Mod\u0159any &#8211; Interior Design\",\"isPartOf\":{\"@id\":\"https:\\\/\\\/interiumpro.cz\\\/en\\\/#website\"},\"primaryImageOfPage\":{\"@id\":\"https:\\\/\\\/interiumpro.cz\\\/en\\\/interior-design-of-apartments-and-houses\\\/apartment-interior-design\\\/#primaryimage\"},\"image\":{\"@id\":\"https:\\\/\\\/interiumpro.cz\\\/en\\\/interior-design-of-apartments-and-houses\\\/apartment-interior-design\\\/#primaryimage\"},\"thumbnailUrl\":\"https:\\\/\\\/interiumpro.cz\\\/wp-content\\\/uploads\\\/2024\\\/08\\\/navrh-loznice-v-prirodnim-stylu-m.webp\",\"datePublished\":\"2025-01-25T15:09:06+00:00\",\"dateModified\":\"2025-01-25T15:09:07+00:00\",\"breadcrumb\":{\"@id\":\"https:\\\/\\\/interiumpro.cz\\\/en\\\/interior-design-of-apartments-and-houses\\\/apartment-interior-design\\\/#breadcrumb\"},\"inLanguage\":\"en-US\",\"potentialAction\":[{\"@type\":\"ReadAction\",\"target\":[\"https:\\\/\\\/interiumpro.cz\\\/en\\\/interior-design-of-apartments-and-houses\\\/apartment-interior-design\\\/\"]}]},{\"@type\":\"ImageObject\",\"inLanguage\":\"en-US\",\"@id\":\"https:\\\/\\\/interiumpro.cz\\\/en\\\/interior-design-of-apartments-and-houses\\\/apartment-interior-design\\\/#primaryimage\",\"url\":\"https:\\\/\\\/interiumpro.cz\\\/wp-content\\\/uploads\\\/2024\\\/08\\\/navrh-loznice-v-prirodnim-stylu-m.webp\",\"contentUrl\":\"https:\\\/\\\/interiumpro.cz\\\/wp-content\\\/uploads\\\/2024\\\/08\\\/navrh-loznice-v-prirodnim-stylu-m.webp\",\"width\":600,\"height\":513,\"caption\":\"n\u00e1vrh lo\u017enice v modern\u00edm stylu\"},{\"@type\":\"BreadcrumbList\",\"@id\":\"https:\\\/\\\/interiumpro.cz\\\/en\\\/interior-design-of-apartments-and-houses\\\/apartment-interior-design\\\/#breadcrumb\",\"itemListElement\":[{\"@type\":\"ListItem\",\"position\":1,\"name\":\"Dom\u016f\",\"item\":\"https:\\\/\\\/interiumpro.cz\\\/en\\\/\"},{\"@type\":\"ListItem\",\"position\":2,\"name\":\"Uncategorized\",\"item\":\"https:\\\/\\\/interiumpro.cz\\\/en\\\/navrhy-interieru\\\/uncategorized\\\/\"},{\"@type\":\"ListItem\",\"position\":3,\"name\":\"Interior design of apartment 3 Kk Mod\u0159any\"}]},{\"@type\":\"WebSite\",\"@id\":\"https:\\\/\\\/interiumpro.cz\\\/en\\\/#website\",\"url\":\"https:\\\/\\\/interiumpro.cz\\\/en\\\/\",\"name\":\"Interium N\u00e1vrhy Interi\u00e9r\u016f\",\"description\":\"Interium - Praha\",\"publisher\":{\"@id\":\"https:\\\/\\\/interiumpro.cz\\\/en\\\/#organization\"},\"alternateName\":\"N\u00e1vrhy Interi\u00e9r\u016f\",\"potentialAction\":[{\"@type\":\"SearchAction\",\"target\":{\"@type\":\"EntryPoint\",\"urlTemplate\":\"https:\\\/\\\/interiumpro.cz\\\/en\\\/?s={search_term_string}\"},\"query-input\":{\"@type\":\"PropertyValueSpecification\",\"valueRequired\":true,\"valueName\":\"search_term_string\"}}],\"inLanguage\":\"en-US\"},{\"@type\":\"Organization\",\"@id\":\"https:\\\/\\\/interiumpro.cz\\\/en\\\/#organization\",\"name\":\"InteriumPro N\u00e1vrhy Interi\u00e9r\u016f\",\"alternateName\":\"N\u00e1vrhy Interi\u00e9r\u016f\",\"url\":\"https:\\\/\\\/interiumpro.cz\\\/en\\\/\",\"logo\":{\"@type\":\"ImageObject\",\"inLanguage\":\"en-US\",\"@id\":\"https:\\\/\\\/interiumpro.cz\\\/en\\\/#\\\/schema\\\/logo\\\/image\\\/\",\"url\":\"https:\\\/\\\/interiumpro.cz\\\/wp-content\\\/uploads\\\/2020\\\/04\\\/cropped-logo-interium14-1024x292-1.png\",\"contentUrl\":\"https:\\\/\\\/interiumpro.cz\\\/wp-content\\\/uploads\\\/2020\\\/04\\\/cropped-logo-interium14-1024x292-1.png\",\"width\":1022,\"height\":292,\"caption\":\"InteriumPro N\u00e1vrhy Interi\u00e9r\u016f\"},\"image\":{\"@id\":\"https:\\\/\\\/interiumpro.cz\\\/en\\\/#\\\/schema\\\/logo\\\/image\\\/\"},\"sameAs\":[\"https:\\\/\\\/www.facebook.com\\\/interiumpro.cz\\\/\"]},{\"@type\":\"Person\",\"@id\":\"https:\\\/\\\/interiumpro.cz\\\/en\\\/#\\\/schema\\\/person\\\/873c9dcbf5578b6966ddbab211176470\",\"name\":\"intadmin\"}]}<\/script>\n<!-- \/ Yoast SEO Premium plugin. -->","yoast_head_json":{"title":"Interior design of apartment 3 Kk Mod\u0159any &#8211; Interior Design","robots":{"index":"index","follow":"follow","max-snippet":"max-snippet:-1","max-image-preview":"max-image-preview:large","max-video-preview":"max-video-preview:-1"},"canonical":"https:\/\/interiumpro.cz\/en\/interior-design-of-apartments-and-houses\/apartment-interior-design\/","og_locale":"en_US","og_type":"article","og_title":"Interior design of apartment 3 Kk Mod\u0159any","og_description":"This apartment is decorated in soft natural shades that provide a harmonious atmosphere. The bedroom offers plenty of storage space, while the children's room is designed for two children, with an emphasis on practicality and comfort.","og_url":"https:\/\/interiumpro.cz\/en\/interior-design-of-apartments-and-houses\/apartment-interior-design\/","og_site_name":"Interior Design","article_publisher":"https:\/\/www.facebook.com\/interiumpro.cz\/","article_published_time":"2025-01-25T15:09:06+00:00","article_modified_time":"2025-01-25T15:09:07+00:00","og_image":[{"width":600,"height":513,"url":"https:\/\/interiumpro.cz\/wp-content\/uploads\/2024\/08\/navrh-loznice-v-prirodnim-stylu-m.webp","type":"image\/jpeg"}],"author":"intadmin","twitter_card":"summary_large_image","twitter_misc":{"Written by":"intadmin","Est. reading time":"2 minutes"},"schema":{"@context":"https:\/\/schema.org","@graph":[{"@type":"Article","@id":"https:\/\/interiumpro.cz\/en\/interior-design-of-apartments-and-houses\/apartment-interior-design\/#article","isPartOf":{"@id":"https:\/\/interiumpro.cz\/en\/interior-design-of-apartments-and-houses\/apartment-interior-design\/"},"author":{"name":"intadmin","@id":"https:\/\/interiumpro.cz\/en\/#\/schema\/person\/873c9dcbf5578b6966ddbab211176470"},"headline":"Interior design of apartment 3 Kk Mod\u0159any","datePublished":"2025-01-25T15:09:06+00:00","dateModified":"2025-01-25T15:09:07+00:00","mainEntityOfPage":{"@id":"https:\/\/interiumpro.cz\/en\/interior-design-of-apartments-and-houses\/apartment-interior-design\/"},"wordCount":365,"publisher":{"@id":"https:\/\/interiumpro.cz\/en\/#organization"},"image":{"@id":"https:\/\/interiumpro.cz\/en\/interior-design-of-apartments-and-houses\/apartment-interior-design\/#primaryimage"},"thumbnailUrl":"https:\/\/interiumpro.cz\/wp-content\/uploads\/2024\/08\/navrh-loznice-v-prirodnim-stylu-m.webp","articleSection":["Interior design of apartments and houses"],"inLanguage":"en-US"},{"@type":"WebPage","@id":"https:\/\/interiumpro.cz\/en\/interior-design-of-apartments-and-houses\/apartment-interior-design\/","url":"https:\/\/interiumpro.cz\/en\/interior-design-of-apartments-and-houses\/apartment-interior-design\/","name":"Interior design of apartment 3 Kk Mod\u0159any &#8211; Interior Design","isPartOf":{"@id":"https:\/\/interiumpro.cz\/en\/#website"},"primaryImageOfPage":{"@id":"https:\/\/interiumpro.cz\/en\/interior-design-of-apartments-and-houses\/apartment-interior-design\/#primaryimage"},"image":{"@id":"https:\/\/interiumpro.cz\/en\/interior-design-of-apartments-and-houses\/apartment-interior-design\/#primaryimage"},"thumbnailUrl":"https:\/\/interiumpro.cz\/wp-content\/uploads\/2024\/08\/navrh-loznice-v-prirodnim-stylu-m.webp","datePublished":"2025-01-25T15:09:06+00:00","dateModified":"2025-01-25T15:09:07+00:00","breadcrumb":{"@id":"https:\/\/interiumpro.cz\/en\/interior-design-of-apartments-and-houses\/apartment-interior-design\/#breadcrumb"},"inLanguage":"en-US","potentialAction":[{"@type":"ReadAction","target":["https:\/\/interiumpro.cz\/en\/interior-design-of-apartments-and-houses\/apartment-interior-design\/"]}]},{"@type":"ImageObject","inLanguage":"en-US","@id":"https:\/\/interiumpro.cz\/en\/interior-design-of-apartments-and-houses\/apartment-interior-design\/#primaryimage","url":"https:\/\/interiumpro.cz\/wp-content\/uploads\/2024\/08\/navrh-loznice-v-prirodnim-stylu-m.webp","contentUrl":"https:\/\/interiumpro.cz\/wp-content\/uploads\/2024\/08\/navrh-loznice-v-prirodnim-stylu-m.webp","width":600,"height":513,"caption":"n\u00e1vrh lo\u017enice v modern\u00edm stylu"},{"@type":"BreadcrumbList","@id":"https:\/\/interiumpro.cz\/en\/interior-design-of-apartments-and-houses\/apartment-interior-design\/#breadcrumb","itemListElement":[{"@type":"ListItem","position":1,"name":"Dom\u016f","item":"https:\/\/interiumpro.cz\/en\/"},{"@type":"ListItem","position":2,"name":"Uncategorized","item":"https:\/\/interiumpro.cz\/en\/navrhy-interieru\/uncategorized\/"},{"@type":"ListItem","position":3,"name":"Interior design of apartment 3 Kk Mod\u0159any"}]},{"@type":"WebSite","@id":"https:\/\/interiumpro.cz\/en\/#website","url":"https:\/\/interiumpro.cz\/en\/","name":"Interium N\u00e1vrhy Interi\u00e9r\u016f","description":"Interium - Praha","publisher":{"@id":"https:\/\/interiumpro.cz\/en\/#organization"},"alternateName":"N\u00e1vrhy Interi\u00e9r\u016f","potentialAction":[{"@type":"SearchAction","target":{"@type":"EntryPoint","urlTemplate":"https:\/\/interiumpro.cz\/en\/?s={search_term_string}"},"query-input":{"@type":"PropertyValueSpecification","valueRequired":true,"valueName":"search_term_string"}}],"inLanguage":"en-US"},{"@type":"Organization","@id":"https:\/\/interiumpro.cz\/en\/#organization","name":"InteriumPro N\u00e1vrhy Interi\u00e9r\u016f","alternateName":"N\u00e1vrhy Interi\u00e9r\u016f","url":"https:\/\/interiumpro.cz\/en\/","logo":{"@type":"ImageObject","inLanguage":"en-US","@id":"https:\/\/interiumpro.cz\/en\/#\/schema\/logo\/image\/","url":"https:\/\/interiumpro.cz\/wp-content\/uploads\/2020\/04\/cropped-logo-interium14-1024x292-1.png","contentUrl":"https:\/\/interiumpro.cz\/wp-content\/uploads\/2020\/04\/cropped-logo-interium14-1024x292-1.png","width":1022,"height":292,"caption":"InteriumPro N\u00e1vrhy Interi\u00e9r\u016f"},"image":{"@id":"https:\/\/interiumpro.cz\/en\/#\/schema\/logo\/image\/"},"sameAs":["https:\/\/www.facebook.com\/interiumpro.cz\/"]},{"@type":"Person","@id":"https:\/\/interiumpro.cz\/en\/#\/schema\/person\/873c9dcbf5578b6966ddbab211176470","name":"intadmin"}]}},"_links":{"self":[{"href":"https:\/\/interiumpro.cz\/en\/wp-json\/wp\/v2\/posts\/21442","targetHints":{"allow":["GET"]}}],"collection":[{"href":"https:\/\/interiumpro.cz\/en\/wp-json\/wp\/v2\/posts"}],"about":[{"href":"https:\/\/interiumpro.cz\/en\/wp-json\/wp\/v2\/types\/post"}],"author":[{"embeddable":true,"href":"https:\/\/interiumpro.cz\/en\/wp-json\/wp\/v2\/users\/1"}],"replies":[{"embeddable":true,"href":"https:\/\/interiumpro.cz\/en\/wp-json\/wp\/v2\/comments?post=21442"}],"version-history":[{"count":0,"href":"https:\/\/interiumpro.cz\/en\/wp-json\/wp\/v2\/posts\/21442\/revisions"}],"wp:featuredmedia":[{"embeddable":true,"href":"https:\/\/interiumpro.cz\/en\/wp-json\/wp\/v2\/media\/15485"}],"wp:attachment":[{"href":"https:\/\/interiumpro.cz\/en\/wp-json\/wp\/v2\/media?parent=21442"}],"wp:term":[{"taxonomy":"category","embeddable":true,"href":"https:\/\/interiumpro.cz\/en\/wp-json\/wp\/v2\/categories?post=21442"},{"taxonomy":"post_tag","embeddable":true,"href":"https:\/\/interiumpro.cz\/en\/wp-json\/wp\/v2\/tags?post=21442"}],"curies":[{"name":"wp","href":"https:\/\/api.w.org\/{rel}","templated":true}]}}