{"id":21433,"date":"2025-01-25T16:02:22","date_gmt":"2025-01-25T15:02:22","guid":{"rendered":"https:\/\/interiumpro.cz\/uncategorized\/bedroom-design-nature-colors\/"},"modified":"2025-01-25T16:02:24","modified_gmt":"2025-01-25T15:02:24","slug":"bedroom-design-nature-colors","status":"publish","type":"post","link":"https:\/\/interiumpro.cz\/en\/bedroom-interior-design\/bedroom-design-nature-colors\/","title":{"rendered":"Bedroom design in natural colors"},"content":{"rendered":"\t\t<div data-elementor-type=\"wp-page\" data-elementor-id=\"21433\" class=\"elementor elementor-21433 elementor-15565\" data-elementor-post-type=\"post\">\n\t\t\t\t\t\t<section class=\"elementor-section elementor-top-section elementor-element elementor-element-671ea013 elementor-section-stretched elementor-reverse-mobile elementor-section-boxed elementor-section-height-default elementor-section-height-default\" data-id=\"671ea013\" data-element_type=\"section\" data-e-type=\"section\" data-settings=\"{&quot;stretch_section&quot;:&quot;section-stretched&quot;}\">\n\t\t\t\t\t\t<div class=\"elementor-container elementor-column-gap-wide\">\n\t\t\t\t\t<div class=\"elementor-column elementor-col-100 elementor-top-column elementor-element elementor-element-78cd5f85\" data-id=\"78cd5f85\" data-element_type=\"column\" data-e-type=\"column\">\n\t\t\t<div class=\"elementor-widget-wrap elementor-element-populated\">\n\t\t\t\t\t\t<div class=\"elementor-element elementor-element-3a9ad60f elementor-widget elementor-widget-breadcrumbs\" data-id=\"3a9ad60f\" data-element_type=\"widget\" data-e-type=\"widget\" data-widget_type=\"breadcrumbs.default\">\n\t\t\t\t<div class=\"elementor-widget-container\">\n\t\t\t\t\t<div id=\"breadcrumbs\"><span><span><a href=\"https:\/\/interiumpro.cz\/en\/\">Dom\u016f<\/a><\/span><\/span><\/div>\t\t\t\t<\/div>\n\t\t\t\t<\/div>\n\t\t\t\t\t<\/div>\n\t\t<\/div>\n\t\t\t\t\t<\/div>\n\t\t<\/section>\n\t\t\t\t<section class=\"elementor-section elementor-top-section elementor-element elementor-element-55cadf36 elementor-section-stretched elementor-section-boxed elementor-section-height-default elementor-section-height-default\" data-id=\"55cadf36\" data-element_type=\"section\" data-e-type=\"section\" data-settings=\"{&quot;stretch_section&quot;:&quot;section-stretched&quot;}\">\n\t\t\t\t\t\t\t<div class=\"elementor-background-overlay\"><\/div>\n\t\t\t\t\t\t\t<div class=\"elementor-container elementor-column-gap-default\">\n\t\t\t\t\t<div class=\"elementor-column elementor-col-100 elementor-top-column elementor-element elementor-element-48877f32\" data-id=\"48877f32\" data-element_type=\"column\" data-e-type=\"column\">\n\t\t\t<div class=\"elementor-widget-wrap elementor-element-populated\">\n\t\t\t\t\t\t<div class=\"elementor-element elementor-element-2f7b3073 elementor-widget elementor-widget-heading\" data-id=\"2f7b3073\" data-element_type=\"widget\" data-e-type=\"widget\" data-widget_type=\"heading.default\">\n\t\t\t\t<div class=\"elementor-widget-container\">\n\t\t\t\t\t<h1 class=\"elementor-heading-title elementor-size-default\">Bedroom design in natural colors<\/h1>\t\t\t\t<\/div>\n\t\t\t\t<\/div>\n\t\t\t\t\t<\/div>\n\t\t<\/div>\n\t\t\t\t\t<\/div>\n\t\t<\/section>\n\t\t\t\t<section class=\"elementor-section elementor-top-section elementor-element elementor-element-39eed318 elementor-section-stretched elementor-section-boxed elementor-section-height-default elementor-section-height-default\" data-id=\"39eed318\" data-element_type=\"section\" data-e-type=\"section\" data-settings=\"{&quot;stretch_section&quot;:&quot;section-stretched&quot;}\">\n\t\t\t\t\t\t<div class=\"elementor-container elementor-column-gap-wide\">\n\t\t\t\t\t<div class=\"elementor-column elementor-col-66 elementor-top-column elementor-element elementor-element-ef2d43f\" data-id=\"ef2d43f\" data-element_type=\"column\" data-e-type=\"column\">\n\t\t\t<div class=\"elementor-widget-wrap elementor-element-populated\">\n\t\t\t\t\t\t<div class=\"elementor-element elementor-element-446ae819 elementor-widget elementor-widget-image\" data-id=\"446ae819\" data-element_type=\"widget\" data-e-type=\"widget\" data-widget_type=\"image.default\">\n\t\t\t\t<div class=\"elementor-widget-container\">\n\t\t\t\t\t\t\t\t\t\t\t\t\t\t\t\t<a href=\"https:\/\/interiumpro.cz\/wp-content\/uploads\/2024\/08\/navrh-loznice-v-prirodnim-stylu-4.jpg\" data-elementor-open-lightbox=\"yes\" data-e-action-hash=\"#elementor-action%3Aaction%3Dlightbox%26settings%3DeyJpZCI6MTU0NzUsInVybCI6Imh0dHBzOlwvXC9pbnRlcml1bXByby5jelwvd3AtY29udGVudFwvdXBsb2Fkc1wvMjAyNFwvMDhcL25hdnJoLWxvem5pY2Utdi1wcmlyb2RuaW0tc3R5bHUtNC5qcGcifQ%3D%3D\">\n\t\t\t\t\t\t\t<img fetchpriority=\"high\" decoding=\"async\" width=\"1000\" height=\"562\" src=\"https:\/\/interiumpro.cz\/wp-content\/uploads\/2024\/08\/navrh-loznice-v-prirodnim-stylu-4.jpg\" class=\"attachment-full size-full wp-image-15475\" alt=\"n\u00e1vrh lo\u017enice s vestav\u011bnou sk\u0159\u00edn\u00ed\" srcset=\"https:\/\/interiumpro.cz\/wp-content\/uploads\/2024\/08\/navrh-loznice-v-prirodnim-stylu-4.jpg 1000w, https:\/\/interiumpro.cz\/wp-content\/uploads\/2024\/08\/navrh-loznice-v-prirodnim-stylu-4-300x169.jpg 300w, https:\/\/interiumpro.cz\/wp-content\/uploads\/2024\/08\/navrh-loznice-v-prirodnim-stylu-4-768x432.jpg 768w\" sizes=\"(max-width: 1000px) 100vw, 1000px\" \/>\t\t\t\t\t\t\t\t<\/a>\n\t\t\t\t\t\t\t\t\t\t\t\t\t\t\t<\/div>\n\t\t\t\t<\/div>\n\t\t\t\t<div class=\"elementor-element elementor-element-3e2738e5 elementor-widget__width-initial elementor-widget elementor-widget-image\" data-id=\"3e2738e5\" data-element_type=\"widget\" data-e-type=\"widget\" data-widget_type=\"image.default\">\n\t\t\t\t<div class=\"elementor-widget-container\">\n\t\t\t\t\t\t\t\t\t\t\t\t\t\t\t\t<a href=\"https:\/\/interiumpro.cz\/wp-content\/uploads\/2024\/08\/navrh-loznice-v-prirodnim-stylu-3.jpg\" data-elementor-open-lightbox=\"yes\" data-e-action-hash=\"#elementor-action%3Aaction%3Dlightbox%26settings%3DeyJpZCI6MTU0NzIsInVybCI6Imh0dHBzOlwvXC9pbnRlcml1bXByby5jelwvd3AtY29udGVudFwvdXBsb2Fkc1wvMjAyNFwvMDhcL25hdnJoLWxvem5pY2Utdi1wcmlyb2RuaW0tc3R5bHUtMy5qcGcifQ%3D%3D\">\n\t\t\t\t\t\t\t<img decoding=\"async\" width=\"1000\" height=\"695\" src=\"https:\/\/interiumpro.cz\/wp-content\/uploads\/2024\/08\/navrh-loznice-v-prirodnim-stylu-3.jpg\" class=\"attachment-full size-full wp-image-15472\" alt=\"n\u00e1vrh lo\u017enice s vestav\u011bnou sk\u0159\u00edn\u00ed\" srcset=\"https:\/\/interiumpro.cz\/wp-content\/uploads\/2024\/08\/navrh-loznice-v-prirodnim-stylu-3.jpg 1000w, https:\/\/interiumpro.cz\/wp-content\/uploads\/2024\/08\/navrh-loznice-v-prirodnim-stylu-3-300x209.jpg 300w, https:\/\/interiumpro.cz\/wp-content\/uploads\/2024\/08\/navrh-loznice-v-prirodnim-stylu-3-768x534.jpg 768w\" sizes=\"(max-width: 1000px) 100vw, 1000px\" \/>\t\t\t\t\t\t\t\t<\/a>\n\t\t\t\t\t\t\t\t\t\t\t\t\t\t\t<\/div>\n\t\t\t\t<\/div>\n\t\t\t\t<div class=\"elementor-element elementor-element-4d1abbd6 elementor-widget elementor-widget-image\" data-id=\"4d1abbd6\" data-element_type=\"widget\" data-e-type=\"widget\" data-widget_type=\"image.default\">\n\t\t\t\t<div class=\"elementor-widget-container\">\n\t\t\t\t\t\t\t\t\t\t\t\t\t\t\t\t<a href=\"https:\/\/interiumpro.cz\/wp-content\/uploads\/2024\/08\/navrh-loznice-v-prirodnim-stylu-2.jpg\" data-elementor-open-lightbox=\"yes\" data-e-action-hash=\"#elementor-action%3Aaction%3Dlightbox%26settings%3DeyJpZCI6MTU0NjksInVybCI6Imh0dHBzOlwvXC9pbnRlcml1bXByby5jelwvd3AtY29udGVudFwvdXBsb2Fkc1wvMjAyNFwvMDhcL25hdnJoLWxvem5pY2Utdi1wcmlyb2RuaW0tc3R5bHUtMi5qcGcifQ%3D%3D\">\n\t\t\t\t\t\t\t<img decoding=\"async\" width=\"1000\" height=\"562\" src=\"https:\/\/interiumpro.cz\/wp-content\/uploads\/2024\/08\/navrh-loznice-v-prirodnim-stylu-2.jpg\" class=\"attachment-full size-full wp-image-15469\" alt=\"n\u00e1vrh lo\u017enice s vestav\u011bnou sk\u0159\u00edn\u00ed\" srcset=\"https:\/\/interiumpro.cz\/wp-content\/uploads\/2024\/08\/navrh-loznice-v-prirodnim-stylu-2.jpg 1000w, https:\/\/interiumpro.cz\/wp-content\/uploads\/2024\/08\/navrh-loznice-v-prirodnim-stylu-2-300x169.jpg 300w, https:\/\/interiumpro.cz\/wp-content\/uploads\/2024\/08\/navrh-loznice-v-prirodnim-stylu-2-768x432.jpg 768w\" sizes=\"(max-width: 1000px) 100vw, 1000px\" \/>\t\t\t\t\t\t\t\t<\/a>\n\t\t\t\t\t\t\t\t\t\t\t\t\t\t\t<\/div>\n\t\t\t\t<\/div>\n\t\t\t\t<div class=\"elementor-element elementor-element-aac7438 elementor-widget elementor-widget-image\" data-id=\"aac7438\" data-element_type=\"widget\" data-e-type=\"widget\" data-widget_type=\"image.default\">\n\t\t\t\t<div class=\"elementor-widget-container\">\n\t\t\t\t\t\t\t\t\t\t\t\t\t\t\t\t<a href=\"https:\/\/interiumpro.cz\/wp-content\/uploads\/2024\/08\/navrh-loznice-v-prirodnim-stylu-1.jpg\" data-elementor-open-lightbox=\"yes\" data-e-action-hash=\"#elementor-action%3Aaction%3Dlightbox%26settings%3DeyJpZCI6MTU0NjYsInVybCI6Imh0dHBzOlwvXC9pbnRlcml1bXByby5jelwvd3AtY29udGVudFwvdXBsb2Fkc1wvMjAyNFwvMDhcL25hdnJoLWxvem5pY2Utdi1wcmlyb2RuaW0tc3R5bHUtMS5qcGcifQ%3D%3D\">\n\t\t\t\t\t\t\t<img loading=\"lazy\" decoding=\"async\" width=\"1000\" height=\"622\" src=\"https:\/\/interiumpro.cz\/wp-content\/uploads\/2024\/08\/navrh-loznice-v-prirodnim-stylu-1.jpg\" class=\"attachment-full size-full wp-image-15466\" alt=\"n\u00e1vrh lo\u017enice s vestav\u011bnou sk\u0159\u00edn\u00ed\" srcset=\"https:\/\/interiumpro.cz\/wp-content\/uploads\/2024\/08\/navrh-loznice-v-prirodnim-stylu-1.jpg 1000w, https:\/\/interiumpro.cz\/wp-content\/uploads\/2024\/08\/navrh-loznice-v-prirodnim-stylu-1-300x187.jpg 300w, https:\/\/interiumpro.cz\/wp-content\/uploads\/2024\/08\/navrh-loznice-v-prirodnim-stylu-1-768x478.jpg 768w\" sizes=\"(max-width: 1000px) 100vw, 1000px\" \/>\t\t\t\t\t\t\t\t<\/a>\n\t\t\t\t\t\t\t\t\t\t\t\t\t\t\t<\/div>\n\t\t\t\t<\/div>\n\t\t\t\t\t<\/div>\n\t\t<\/div>\n\t\t\t\t<div class=\"elementor-column elementor-col-33 elementor-top-column elementor-element elementor-element-1017268b\" data-id=\"1017268b\" data-element_type=\"column\" data-e-type=\"column\" data-settings=\"{&quot;motion_fx_motion_fx_scrolling&quot;:&quot;yes&quot;,&quot;motion_fx_devices&quot;:[&quot;desktop&quot;,&quot;tablet&quot;,&quot;mobile&quot;]}\">\n\t\t\t<div class=\"elementor-widget-wrap elementor-element-populated\">\n\t\t\t\t\t\t<div class=\"elementor-element elementor-element-52ed07b1 elementor-widget elementor-widget-heading\" data-id=\"52ed07b1\" data-element_type=\"widget\" data-e-type=\"widget\" data-widget_type=\"heading.default\">\n\t\t\t\t<div class=\"elementor-widget-container\">\n\t\t\t\t\t<h3 class=\"elementor-heading-title elementor-size-default\">Project description<\/h3>\t\t\t\t<\/div>\n\t\t\t\t<\/div>\n\t\t\t\t<div class=\"elementor-element elementor-element-4d1c2910 elementor-widget elementor-widget-text-editor\" data-id=\"4d1c2910\" data-element_type=\"widget\" data-e-type=\"widget\" data-widget_type=\"text-editor.default\">\n\t\t\t\t<div class=\"elementor-widget-container\">\n\t\t\t\t\t\t\t\t\t<div class=\"adn ads\" data-message-id=\"#msg-f:1807907354590690797\" data-legacy-message-id=\"1916fa290931bded\">\n<div class=\"gs\">\n<div class=\"\">\n<div id=\":1v\" class=\"ii gt\">\n<div id=\":1u\" class=\"a3s aiL \">\n<div dir=\"ltr\">\n<h4>Bedroom in natural style with customized wardrobe<\/h4>\n<p>Are you wondering how to turn your bedroom into an oasis of peace and harmony?<br \/>\nThis interior design project focused on creating a modern, natural-style bedroom where natural elements and clever storage solutions play a key role. <\/p>\n<h5>Bedroom design<\/h5>\n<p>This bedroom is dominated by a combination of wood, neutral colours and pleasant textiles.<br \/>\nNatural materials, such as wood or wicker, are complemented by muted shades of green and grey that bring calm and balance to the space.<br \/>\nThese elements make the bedroom a welcoming retreat from the hustle and bustle of everyday life.  <\/p>\n<h5>Customized wardrobe<\/h5>\n<p>The key element of this design is the bespoke wardrobe, which not only fits perfectly into the space, but also offers plenty of storage space for clothes and accessories.<br \/>\nThe wardrobe is designed to meet all the needs of modern living &#8211; from shelves and drawers to pull-out hangers that allow for maximum use of space. <\/p>\n<h5>Storage spaces<\/h5>\n<p>The bespoke wardrobe is designed with functionality and aesthetics in mind.<br \/>\nThanks to its clever solutions, you can efficiently store not only clothes, but also bed linen, seasonal items or other essentials.<br \/>\nThe storage compartments are discreetly integrated into the overall design, so that they do not distract, but instead complete the clean and elegant look of the bedroom.  <\/p>\n<h5>Interior design with the help of an interior architect<\/h5>\n<p>This project was created in collaboration with a residential architect who was able to make the most of the layout of the space and create a harmonious interior that meets the needs of modern living. Working with an expert helps to bring a unique style and practicality to each interior. <\/p>\n<p>If you&#8217;re looking for inspiration for your bedroom, consider combining modern design with natural elements and clever storage spaces to ensure order and clarity.<\/p>\n<\/div>\n<div class=\"yj6qo\"> <\/div>\n<div class=\"adL\"> <\/div>\n<\/div>\n<\/div>\n<div class=\"WhmR8e\" data-hash=\"0\"> <\/div>\n<\/div>\n<\/div>\n<div class=\"ajx\"> <\/div>\n<\/div>\n\t\t\t\t\t\t\t\t<\/div>\n\t\t\t\t<\/div>\n\t\t\t\t<div class=\"elementor-element elementor-element-77e82211 elementor-widget elementor-widget-heading\" data-id=\"77e82211\" data-element_type=\"widget\" data-e-type=\"widget\" data-widget_type=\"heading.default\">\n\t\t\t\t<div class=\"elementor-widget-container\">\n\t\t\t\t\t<h2 class=\"elementor-heading-title elementor-size-default\">What can we offer you?<\/h2>\t\t\t\t<\/div>\n\t\t\t\t<\/div>\n\t\t\t\t<div class=\"elementor-element elementor-element-4d7bb6fb elementor-widget__width-initial elementor-widget elementor-widget-global elementor-global-19304 elementor-global-19080 elementor-widget-text-editor\" data-id=\"4d7bb6fb\" data-element_type=\"widget\" data-e-type=\"widget\" data-widget_type=\"text-editor.default\">\n\t\t\t\t<div class=\"elementor-widget-container\">\n\t\t\t\t\t\t\t\t\t<p>Our <a href=\"https:\/\/interiumpro.cz\/en\/about-us\/\">interior designers<\/a> will create a home exactly to your liking &#8211; from the complete interior to individual rooms such as the living room, kitchen, children&#8217;s room, study or bedroom.<\/p><p>Is this a renovation or a new build? We will take care of <a href=\"https:\/\/interiumpro.cz\/blog-o-interierovem-designu\/autorsky-dohled-nad-realizaci-interieru\/\">the interior design<\/a>, production documents, organization, purchasing and supervision of craftsmen. <\/p><p>If you want, we can take the entire interior realization into our own hands and complete it in accordance with the project with an emphasis on quality and reliability.<\/p>\t\t\t\t\t\t\t\t<\/div>\n\t\t\t\t<\/div>\n\t\t\t\t\t<\/div>\n\t\t<\/div>\n\t\t\t\t\t<\/div>\n\t\t<\/section>\n\t\t\t\t<section class=\"elementor-section elementor-top-section elementor-element elementor-element-b8c64ac elementor-section-stretched elementor-reverse-mobile elementor-section-boxed elementor-section-height-default elementor-section-height-default\" data-id=\"b8c64ac\" data-element_type=\"section\" data-e-type=\"section\" data-settings=\"{&quot;stretch_section&quot;:&quot;section-stretched&quot;}\">\n\t\t\t\t\t\t<div class=\"elementor-container elementor-column-gap-wide\">\n\t\t\t\t\t<div class=\"elementor-column elementor-col-100 elementor-top-column elementor-element elementor-element-20f2c22b\" data-id=\"20f2c22b\" data-element_type=\"column\" data-e-type=\"column\">\n\t\t\t<div class=\"elementor-widget-wrap elementor-element-populated\">\n\t\t\t\t\t\t<div class=\"elementor-element elementor-element-59a01f3c elementor-widget elementor-widget-heading\" data-id=\"59a01f3c\" data-element_type=\"widget\" data-e-type=\"widget\" data-widget_type=\"heading.default\">\n\t\t\t\t<div class=\"elementor-widget-container\">\n\t\t\t\t\t<h2 class=\"elementor-heading-title elementor-size-default\">Check out our latest projects<\/h2>\t\t\t\t<\/div>\n\t\t\t\t<\/div>\n\t\t\t\t\t<\/div>\n\t\t<\/div>\n\t\t\t\t\t<\/div>\n\t\t<\/section>\n\t\t\t\t<section class=\"elementor-section elementor-top-section elementor-element elementor-element-69bcd717 elementor-section-stretched elementor-section-boxed elementor-section-height-default elementor-section-height-default\" data-id=\"69bcd717\" data-element_type=\"section\" data-e-type=\"section\" data-settings=\"{&quot;stretch_section&quot;:&quot;section-stretched&quot;}\">\n\t\t\t\t\t\t<div class=\"elementor-container elementor-column-gap-default\">\n\t\t\t\t\t<div class=\"elementor-column elementor-col-100 elementor-top-column elementor-element elementor-element-3ccf3241\" data-id=\"3ccf3241\" data-element_type=\"column\" data-e-type=\"column\">\n\t\t\t<div class=\"elementor-widget-wrap elementor-element-populated\">\n\t\t\t\t\t\t<div class=\"elementor-element elementor-element-33feee6b elementor-grid-4 elementor-posts--thumbnail-top elementor-grid-tablet-2 elementor-grid-mobile-1 elementor-widget elementor-widget-posts\" data-id=\"33feee6b\" data-element_type=\"widget\" data-e-type=\"widget\" data-settings=\"{&quot;custom_columns&quot;:&quot;4&quot;,&quot;custom_row_gap&quot;:{&quot;unit&quot;:&quot;px&quot;,&quot;size&quot;:15,&quot;sizes&quot;:[]},&quot;custom_columns_tablet&quot;:&quot;2&quot;,&quot;custom_columns_mobile&quot;:&quot;1&quot;,&quot;custom_row_gap_tablet&quot;:{&quot;unit&quot;:&quot;px&quot;,&quot;size&quot;:&quot;&quot;,&quot;sizes&quot;:[]},&quot;custom_row_gap_mobile&quot;:{&quot;unit&quot;:&quot;px&quot;,&quot;size&quot;:&quot;&quot;,&quot;sizes&quot;:[]}}\" data-widget_type=\"posts.custom\">\n\t\t\t\t<div class=\"elementor-widget-container\">\n\t\t\t\t\t      <div class=\"ecs-posts elementor-posts-container elementor-posts   elementor-grid elementor-posts--skin-custom\" data-settings=\"{&quot;current_page&quot;:1,&quot;max_num_pages&quot;:0,&quot;load_method&quot;:&quot;loadmore&quot;,&quot;widget_id&quot;:&quot;33feee6b&quot;,&quot;post_id&quot;:21433,&quot;theme_id&quot;:21433,&quot;change_url&quot;:false,&quot;reinit_js&quot;:false}\">\n      <div class=\"elementor-posts-nothing-found\"><\/div>\t\t<\/div>\n\t\t\t\t\t\t<\/div>\n\t\t\t\t<\/div>\n\t\t\t\t\t<\/div>\n\t\t<\/div>\n\t\t\t\t\t<\/div>\n\t\t<\/section>\n\t\t\t\t<\/div>\n\t\t","protected":false},"excerpt":{"rendered":"<p>The key element of this design is a bespoke wardrobe that fits perfectly into the space.<\/p>\n","protected":false},"author":1,"featured_media":15795,"comment_status":"closed","ping_status":"closed","sticky":false,"template":"","format":"standard","meta":{"footnotes":""},"categories":[124],"tags":[],"class_list":["post-21433","post","type-post","status-publish","format-standard","has-post-thumbnail","hentry","category-bedroom-interior-design"],"yoast_head":"<!-- This site is optimized with the Yoast SEO Premium plugin v27.4 (Yoast SEO v27.4) - https:\/\/yoast.com\/product\/yoast-seo-premium-wordpress\/ -->\n<title>Bedroom design in natural colors &#8211; Interior Design<\/title>\n<meta name=\"robots\" content=\"index, follow, max-snippet:-1, max-image-preview:large, max-video-preview:-1\" \/>\n<link rel=\"canonical\" href=\"https:\/\/interiumpro.cz\/en\/bedroom-interior-design\/bedroom-design-nature-colors\/\" \/>\n<meta property=\"og:locale\" content=\"en_US\" \/>\n<meta property=\"og:type\" content=\"article\" \/>\n<meta property=\"og:title\" content=\"Bedroom design in natural colors\" \/>\n<meta property=\"og:description\" content=\"The key element of this design is a bespoke wardrobe that fits perfectly into the space.\" \/>\n<meta property=\"og:url\" content=\"https:\/\/interiumpro.cz\/en\/bedroom-interior-design\/bedroom-design-nature-colors\/\" \/>\n<meta property=\"og:site_name\" content=\"Interior Design\" \/>\n<meta property=\"article:publisher\" content=\"https:\/\/www.facebook.com\/interiumpro.cz\/\" \/>\n<meta property=\"article:published_time\" content=\"2025-01-25T15:02:22+00:00\" \/>\n<meta property=\"article:modified_time\" content=\"2025-01-25T15:02:24+00:00\" \/>\n<meta property=\"og:image\" content=\"https:\/\/interiumpro.cz\/wp-content\/uploads\/2024\/08\/navrh-loznice-v-prirodnim-stylu-m-1.webp\" \/>\n\t<meta property=\"og:image:width\" content=\"600\" \/>\n\t<meta property=\"og:image:height\" content=\"513\" \/>\n\t<meta property=\"og:image:type\" content=\"image\/jpeg\" \/>\n<meta name=\"author\" content=\"intadmin\" \/>\n<meta name=\"twitter:card\" content=\"summary_large_image\" \/>\n<meta name=\"twitter:label1\" content=\"Written by\" \/>\n\t<meta name=\"twitter:data1\" content=\"intadmin\" \/>\n\t<meta name=\"twitter:label2\" content=\"Est. reading time\" \/>\n\t<meta name=\"twitter:data2\" content=\"2 minutes\" \/>\n<script type=\"application\/ld+json\" class=\"yoast-schema-graph\">{\"@context\":\"https:\\\/\\\/schema.org\",\"@graph\":[{\"@type\":\"Article\",\"@id\":\"https:\\\/\\\/interiumpro.cz\\\/en\\\/bedroom-interior-design\\\/bedroom-design-nature-colors\\\/#article\",\"isPartOf\":{\"@id\":\"https:\\\/\\\/interiumpro.cz\\\/en\\\/bedroom-interior-design\\\/bedroom-design-nature-colors\\\/\"},\"author\":{\"name\":\"intadmin\",\"@id\":\"https:\\\/\\\/interiumpro.cz\\\/en\\\/#\\\/schema\\\/person\\\/873c9dcbf5578b6966ddbab211176470\"},\"headline\":\"Bedroom design in natural colors\",\"datePublished\":\"2025-01-25T15:02:22+00:00\",\"dateModified\":\"2025-01-25T15:02:24+00:00\",\"mainEntityOfPage\":{\"@id\":\"https:\\\/\\\/interiumpro.cz\\\/en\\\/bedroom-interior-design\\\/bedroom-design-nature-colors\\\/\"},\"wordCount\":415,\"publisher\":{\"@id\":\"https:\\\/\\\/interiumpro.cz\\\/en\\\/#organization\"},\"image\":{\"@id\":\"https:\\\/\\\/interiumpro.cz\\\/en\\\/bedroom-interior-design\\\/bedroom-design-nature-colors\\\/#primaryimage\"},\"thumbnailUrl\":\"https:\\\/\\\/interiumpro.cz\\\/wp-content\\\/uploads\\\/2024\\\/08\\\/navrh-loznice-v-prirodnim-stylu-m-1.webp\",\"articleSection\":[\"Bedroom interior design\"],\"inLanguage\":\"en-US\"},{\"@type\":\"WebPage\",\"@id\":\"https:\\\/\\\/interiumpro.cz\\\/en\\\/bedroom-interior-design\\\/bedroom-design-nature-colors\\\/\",\"url\":\"https:\\\/\\\/interiumpro.cz\\\/en\\\/bedroom-interior-design\\\/bedroom-design-nature-colors\\\/\",\"name\":\"Bedroom design in natural colors &#8211; Interior Design\",\"isPartOf\":{\"@id\":\"https:\\\/\\\/interiumpro.cz\\\/en\\\/#website\"},\"primaryImageOfPage\":{\"@id\":\"https:\\\/\\\/interiumpro.cz\\\/en\\\/bedroom-interior-design\\\/bedroom-design-nature-colors\\\/#primaryimage\"},\"image\":{\"@id\":\"https:\\\/\\\/interiumpro.cz\\\/en\\\/bedroom-interior-design\\\/bedroom-design-nature-colors\\\/#primaryimage\"},\"thumbnailUrl\":\"https:\\\/\\\/interiumpro.cz\\\/wp-content\\\/uploads\\\/2024\\\/08\\\/navrh-loznice-v-prirodnim-stylu-m-1.webp\",\"datePublished\":\"2025-01-25T15:02:22+00:00\",\"dateModified\":\"2025-01-25T15:02:24+00:00\",\"breadcrumb\":{\"@id\":\"https:\\\/\\\/interiumpro.cz\\\/en\\\/bedroom-interior-design\\\/bedroom-design-nature-colors\\\/#breadcrumb\"},\"inLanguage\":\"en-US\",\"potentialAction\":[{\"@type\":\"ReadAction\",\"target\":[\"https:\\\/\\\/interiumpro.cz\\\/en\\\/bedroom-interior-design\\\/bedroom-design-nature-colors\\\/\"]}]},{\"@type\":\"ImageObject\",\"inLanguage\":\"en-US\",\"@id\":\"https:\\\/\\\/interiumpro.cz\\\/en\\\/bedroom-interior-design\\\/bedroom-design-nature-colors\\\/#primaryimage\",\"url\":\"https:\\\/\\\/interiumpro.cz\\\/wp-content\\\/uploads\\\/2024\\\/08\\\/navrh-loznice-v-prirodnim-stylu-m-1.webp\",\"contentUrl\":\"https:\\\/\\\/interiumpro.cz\\\/wp-content\\\/uploads\\\/2024\\\/08\\\/navrh-loznice-v-prirodnim-stylu-m-1.webp\",\"width\":600,\"height\":513},{\"@type\":\"BreadcrumbList\",\"@id\":\"https:\\\/\\\/interiumpro.cz\\\/en\\\/bedroom-interior-design\\\/bedroom-design-nature-colors\\\/#breadcrumb\",\"itemListElement\":[{\"@type\":\"ListItem\",\"position\":1,\"name\":\"Dom\u016f\",\"item\":\"https:\\\/\\\/interiumpro.cz\\\/en\\\/\"},{\"@type\":\"ListItem\",\"position\":2,\"name\":\"Uncategorized\",\"item\":\"https:\\\/\\\/interiumpro.cz\\\/en\\\/navrhy-interieru\\\/uncategorized\\\/\"},{\"@type\":\"ListItem\",\"position\":3,\"name\":\"Bedroom design in natural colors\"}]},{\"@type\":\"WebSite\",\"@id\":\"https:\\\/\\\/interiumpro.cz\\\/en\\\/#website\",\"url\":\"https:\\\/\\\/interiumpro.cz\\\/en\\\/\",\"name\":\"Interium N\u00e1vrhy Interi\u00e9r\u016f\",\"description\":\"Interium - Praha\",\"publisher\":{\"@id\":\"https:\\\/\\\/interiumpro.cz\\\/en\\\/#organization\"},\"alternateName\":\"N\u00e1vrhy Interi\u00e9r\u016f\",\"potentialAction\":[{\"@type\":\"SearchAction\",\"target\":{\"@type\":\"EntryPoint\",\"urlTemplate\":\"https:\\\/\\\/interiumpro.cz\\\/en\\\/?s={search_term_string}\"},\"query-input\":{\"@type\":\"PropertyValueSpecification\",\"valueRequired\":true,\"valueName\":\"search_term_string\"}}],\"inLanguage\":\"en-US\"},{\"@type\":\"Organization\",\"@id\":\"https:\\\/\\\/interiumpro.cz\\\/en\\\/#organization\",\"name\":\"InteriumPro N\u00e1vrhy Interi\u00e9r\u016f\",\"alternateName\":\"N\u00e1vrhy Interi\u00e9r\u016f\",\"url\":\"https:\\\/\\\/interiumpro.cz\\\/en\\\/\",\"logo\":{\"@type\":\"ImageObject\",\"inLanguage\":\"en-US\",\"@id\":\"https:\\\/\\\/interiumpro.cz\\\/en\\\/#\\\/schema\\\/logo\\\/image\\\/\",\"url\":\"https:\\\/\\\/interiumpro.cz\\\/wp-content\\\/uploads\\\/2020\\\/04\\\/cropped-logo-interium14-1024x292-1.png\",\"contentUrl\":\"https:\\\/\\\/interiumpro.cz\\\/wp-content\\\/uploads\\\/2020\\\/04\\\/cropped-logo-interium14-1024x292-1.png\",\"width\":1022,\"height\":292,\"caption\":\"InteriumPro N\u00e1vrhy Interi\u00e9r\u016f\"},\"image\":{\"@id\":\"https:\\\/\\\/interiumpro.cz\\\/en\\\/#\\\/schema\\\/logo\\\/image\\\/\"},\"sameAs\":[\"https:\\\/\\\/www.facebook.com\\\/interiumpro.cz\\\/\"]},{\"@type\":\"Person\",\"@id\":\"https:\\\/\\\/interiumpro.cz\\\/en\\\/#\\\/schema\\\/person\\\/873c9dcbf5578b6966ddbab211176470\",\"name\":\"intadmin\"}]}<\/script>\n<!-- \/ Yoast SEO Premium plugin. -->","yoast_head_json":{"title":"Bedroom design in natural colors &#8211; Interior Design","robots":{"index":"index","follow":"follow","max-snippet":"max-snippet:-1","max-image-preview":"max-image-preview:large","max-video-preview":"max-video-preview:-1"},"canonical":"https:\/\/interiumpro.cz\/en\/bedroom-interior-design\/bedroom-design-nature-colors\/","og_locale":"en_US","og_type":"article","og_title":"Bedroom design in natural colors","og_description":"The key element of this design is a bespoke wardrobe that fits perfectly into the space.","og_url":"https:\/\/interiumpro.cz\/en\/bedroom-interior-design\/bedroom-design-nature-colors\/","og_site_name":"Interior Design","article_publisher":"https:\/\/www.facebook.com\/interiumpro.cz\/","article_published_time":"2025-01-25T15:02:22+00:00","article_modified_time":"2025-01-25T15:02:24+00:00","og_image":[{"width":600,"height":513,"url":"https:\/\/interiumpro.cz\/wp-content\/uploads\/2024\/08\/navrh-loznice-v-prirodnim-stylu-m-1.webp","type":"image\/jpeg"}],"author":"intadmin","twitter_card":"summary_large_image","twitter_misc":{"Written by":"intadmin","Est. reading time":"2 minutes"},"schema":{"@context":"https:\/\/schema.org","@graph":[{"@type":"Article","@id":"https:\/\/interiumpro.cz\/en\/bedroom-interior-design\/bedroom-design-nature-colors\/#article","isPartOf":{"@id":"https:\/\/interiumpro.cz\/en\/bedroom-interior-design\/bedroom-design-nature-colors\/"},"author":{"name":"intadmin","@id":"https:\/\/interiumpro.cz\/en\/#\/schema\/person\/873c9dcbf5578b6966ddbab211176470"},"headline":"Bedroom design in natural colors","datePublished":"2025-01-25T15:02:22+00:00","dateModified":"2025-01-25T15:02:24+00:00","mainEntityOfPage":{"@id":"https:\/\/interiumpro.cz\/en\/bedroom-interior-design\/bedroom-design-nature-colors\/"},"wordCount":415,"publisher":{"@id":"https:\/\/interiumpro.cz\/en\/#organization"},"image":{"@id":"https:\/\/interiumpro.cz\/en\/bedroom-interior-design\/bedroom-design-nature-colors\/#primaryimage"},"thumbnailUrl":"https:\/\/interiumpro.cz\/wp-content\/uploads\/2024\/08\/navrh-loznice-v-prirodnim-stylu-m-1.webp","articleSection":["Bedroom interior design"],"inLanguage":"en-US"},{"@type":"WebPage","@id":"https:\/\/interiumpro.cz\/en\/bedroom-interior-design\/bedroom-design-nature-colors\/","url":"https:\/\/interiumpro.cz\/en\/bedroom-interior-design\/bedroom-design-nature-colors\/","name":"Bedroom design in natural colors &#8211; Interior Design","isPartOf":{"@id":"https:\/\/interiumpro.cz\/en\/#website"},"primaryImageOfPage":{"@id":"https:\/\/interiumpro.cz\/en\/bedroom-interior-design\/bedroom-design-nature-colors\/#primaryimage"},"image":{"@id":"https:\/\/interiumpro.cz\/en\/bedroom-interior-design\/bedroom-design-nature-colors\/#primaryimage"},"thumbnailUrl":"https:\/\/interiumpro.cz\/wp-content\/uploads\/2024\/08\/navrh-loznice-v-prirodnim-stylu-m-1.webp","datePublished":"2025-01-25T15:02:22+00:00","dateModified":"2025-01-25T15:02:24+00:00","breadcrumb":{"@id":"https:\/\/interiumpro.cz\/en\/bedroom-interior-design\/bedroom-design-nature-colors\/#breadcrumb"},"inLanguage":"en-US","potentialAction":[{"@type":"ReadAction","target":["https:\/\/interiumpro.cz\/en\/bedroom-interior-design\/bedroom-design-nature-colors\/"]}]},{"@type":"ImageObject","inLanguage":"en-US","@id":"https:\/\/interiumpro.cz\/en\/bedroom-interior-design\/bedroom-design-nature-colors\/#primaryimage","url":"https:\/\/interiumpro.cz\/wp-content\/uploads\/2024\/08\/navrh-loznice-v-prirodnim-stylu-m-1.webp","contentUrl":"https:\/\/interiumpro.cz\/wp-content\/uploads\/2024\/08\/navrh-loznice-v-prirodnim-stylu-m-1.webp","width":600,"height":513},{"@type":"BreadcrumbList","@id":"https:\/\/interiumpro.cz\/en\/bedroom-interior-design\/bedroom-design-nature-colors\/#breadcrumb","itemListElement":[{"@type":"ListItem","position":1,"name":"Dom\u016f","item":"https:\/\/interiumpro.cz\/en\/"},{"@type":"ListItem","position":2,"name":"Uncategorized","item":"https:\/\/interiumpro.cz\/en\/navrhy-interieru\/uncategorized\/"},{"@type":"ListItem","position":3,"name":"Bedroom design in natural colors"}]},{"@type":"WebSite","@id":"https:\/\/interiumpro.cz\/en\/#website","url":"https:\/\/interiumpro.cz\/en\/","name":"Interium N\u00e1vrhy Interi\u00e9r\u016f","description":"Interium - Praha","publisher":{"@id":"https:\/\/interiumpro.cz\/en\/#organization"},"alternateName":"N\u00e1vrhy Interi\u00e9r\u016f","potentialAction":[{"@type":"SearchAction","target":{"@type":"EntryPoint","urlTemplate":"https:\/\/interiumpro.cz\/en\/?s={search_term_string}"},"query-input":{"@type":"PropertyValueSpecification","valueRequired":true,"valueName":"search_term_string"}}],"inLanguage":"en-US"},{"@type":"Organization","@id":"https:\/\/interiumpro.cz\/en\/#organization","name":"InteriumPro N\u00e1vrhy Interi\u00e9r\u016f","alternateName":"N\u00e1vrhy Interi\u00e9r\u016f","url":"https:\/\/interiumpro.cz\/en\/","logo":{"@type":"ImageObject","inLanguage":"en-US","@id":"https:\/\/interiumpro.cz\/en\/#\/schema\/logo\/image\/","url":"https:\/\/interiumpro.cz\/wp-content\/uploads\/2020\/04\/cropped-logo-interium14-1024x292-1.png","contentUrl":"https:\/\/interiumpro.cz\/wp-content\/uploads\/2020\/04\/cropped-logo-interium14-1024x292-1.png","width":1022,"height":292,"caption":"InteriumPro N\u00e1vrhy Interi\u00e9r\u016f"},"image":{"@id":"https:\/\/interiumpro.cz\/en\/#\/schema\/logo\/image\/"},"sameAs":["https:\/\/www.facebook.com\/interiumpro.cz\/"]},{"@type":"Person","@id":"https:\/\/interiumpro.cz\/en\/#\/schema\/person\/873c9dcbf5578b6966ddbab211176470","name":"intadmin"}]}},"_links":{"self":[{"href":"https:\/\/interiumpro.cz\/en\/wp-json\/wp\/v2\/posts\/21433","targetHints":{"allow":["GET"]}}],"collection":[{"href":"https:\/\/interiumpro.cz\/en\/wp-json\/wp\/v2\/posts"}],"about":[{"href":"https:\/\/interiumpro.cz\/en\/wp-json\/wp\/v2\/types\/post"}],"author":[{"embeddable":true,"href":"https:\/\/interiumpro.cz\/en\/wp-json\/wp\/v2\/users\/1"}],"replies":[{"embeddable":true,"href":"https:\/\/interiumpro.cz\/en\/wp-json\/wp\/v2\/comments?post=21433"}],"version-history":[{"count":0,"href":"https:\/\/interiumpro.cz\/en\/wp-json\/wp\/v2\/posts\/21433\/revisions"}],"wp:featuredmedia":[{"embeddable":true,"href":"https:\/\/interiumpro.cz\/en\/wp-json\/wp\/v2\/media\/15795"}],"wp:attachment":[{"href":"https:\/\/interiumpro.cz\/en\/wp-json\/wp\/v2\/media?parent=21433"}],"wp:term":[{"taxonomy":"category","embeddable":true,"href":"https:\/\/interiumpro.cz\/en\/wp-json\/wp\/v2\/categories?post=21433"},{"taxonomy":"post_tag","embeddable":true,"href":"https:\/\/interiumpro.cz\/en\/wp-json\/wp\/v2\/tags?post=21433"}],"curies":[{"name":"wp","href":"https:\/\/api.w.org\/{rel}","templated":true}]}}