{"id":20770,"date":"2024-12-06T13:33:37","date_gmt":"2024-12-06T12:33:37","guid":{"rendered":"https:\/\/interiumpro.cz\/uncategorized\/bathroom-for-two\/"},"modified":"2024-12-06T13:33:39","modified_gmt":"2024-12-06T12:33:39","slug":"bathroom-for-two","status":"publish","type":"post","link":"https:\/\/interiumpro.cz\/en\/bathroom-interior-design\/bathroom-for-two\/","title":{"rendered":"Bathroom with bath for two &#8211; design"},"content":{"rendered":"\t\t<div data-elementor-type=\"wp-post\" data-elementor-id=\"20770\" class=\"elementor elementor-20770 elementor-19820\" data-elementor-post-type=\"post\">\n\t\t\t\t\t\t<section class=\"elementor-section elementor-top-section elementor-element elementor-element-3f8b63be elementor-section-stretched elementor-reverse-mobile elementor-section-boxed elementor-section-height-default elementor-section-height-default\" data-id=\"3f8b63be\" data-element_type=\"section\" data-e-type=\"section\" data-settings=\"{&quot;stretch_section&quot;:&quot;section-stretched&quot;}\">\n\t\t\t\t\t\t<div class=\"elementor-container elementor-column-gap-wide\">\n\t\t\t\t\t<div class=\"elementor-column elementor-col-100 elementor-top-column elementor-element elementor-element-60420eee\" data-id=\"60420eee\" data-element_type=\"column\" data-e-type=\"column\">\n\t\t\t<div class=\"elementor-widget-wrap elementor-element-populated\">\n\t\t\t\t\t\t<div class=\"elementor-element elementor-element-54dd4ce4 elementor-widget elementor-widget-breadcrumbs\" data-id=\"54dd4ce4\" data-element_type=\"widget\" data-e-type=\"widget\" data-widget_type=\"breadcrumbs.default\">\n\t\t\t\t<div class=\"elementor-widget-container\">\n\t\t\t\t\t<div id=\"breadcrumbs\"><span><span><a href=\"https:\/\/interiumpro.cz\/en\/\">Dom\u016f<\/a><\/span><\/span><\/div>\t\t\t\t<\/div>\n\t\t\t\t<\/div>\n\t\t\t\t\t<\/div>\n\t\t<\/div>\n\t\t\t\t\t<\/div>\n\t\t<\/section>\n\t\t\t\t<section class=\"elementor-section elementor-top-section elementor-element elementor-element-6b26feef elementor-section-stretched elementor-section-boxed elementor-section-height-default elementor-section-height-default\" data-id=\"6b26feef\" data-element_type=\"section\" data-e-type=\"section\" data-settings=\"{&quot;stretch_section&quot;:&quot;section-stretched&quot;}\">\n\t\t\t\t\t\t\t<div class=\"elementor-background-overlay\"><\/div>\n\t\t\t\t\t\t\t<div class=\"elementor-container elementor-column-gap-default\">\n\t\t\t\t\t<div class=\"elementor-column elementor-col-100 elementor-top-column elementor-element elementor-element-480e1e11\" data-id=\"480e1e11\" data-element_type=\"column\" data-e-type=\"column\">\n\t\t\t<div class=\"elementor-widget-wrap elementor-element-populated\">\n\t\t\t\t\t\t<div class=\"elementor-element elementor-element-bdfdc1f elementor-widget elementor-widget-heading\" data-id=\"bdfdc1f\" data-element_type=\"widget\" data-e-type=\"widget\" data-widget_type=\"heading.default\">\n\t\t\t\t<div class=\"elementor-widget-container\">\n\t\t\t\t\t<h1 class=\"elementor-heading-title elementor-size-default\">Bathroom with bath for two &#8211; design<\/h1>\t\t\t\t<\/div>\n\t\t\t\t<\/div>\n\t\t\t\t\t<\/div>\n\t\t<\/div>\n\t\t\t\t\t<\/div>\n\t\t<\/section>\n\t\t\t\t<section class=\"elementor-section elementor-top-section elementor-element elementor-element-24b0e63 elementor-section-stretched elementor-section-boxed elementor-section-height-default elementor-section-height-default\" data-id=\"24b0e63\" data-element_type=\"section\" data-e-type=\"section\" data-settings=\"{&quot;stretch_section&quot;:&quot;section-stretched&quot;}\">\n\t\t\t\t\t\t<div class=\"elementor-container elementor-column-gap-wide\">\n\t\t\t\t\t<div class=\"elementor-column elementor-col-66 elementor-top-column elementor-element elementor-element-490e30df\" data-id=\"490e30df\" data-element_type=\"column\" data-e-type=\"column\">\n\t\t\t<div class=\"elementor-widget-wrap elementor-element-populated\">\n\t\t\t\t\t\t<div class=\"elementor-element elementor-element-4de3d7d3 elementor-widget elementor-widget-image\" data-id=\"4de3d7d3\" data-element_type=\"widget\" data-e-type=\"widget\" data-widget_type=\"image.default\">\n\t\t\t\t<div class=\"elementor-widget-container\">\n\t\t\t\t\t\t\t\t\t\t\t\t\t\t\t\t<a href=\"https:\/\/interiumpro.cz\/wp-content\/uploads\/2024\/10\/navrh-koupelny-s-vanou-6.jpg\" data-elementor-open-lightbox=\"yes\" data-e-action-hash=\"#elementor-action%3Aaction%3Dlightbox%26settings%3DeyJpZCI6MTk4MzMsInVybCI6Imh0dHBzOlwvXC9pbnRlcml1bXByby5jelwvd3AtY29udGVudFwvdXBsb2Fkc1wvMjAyNFwvMTBcL25hdnJoLWtvdXBlbG55LXMtdmFub3UtNi5qcGcifQ%3D%3D\">\n\t\t\t\t\t\t\t<img fetchpriority=\"high\" decoding=\"async\" width=\"1000\" height=\"811\" src=\"https:\/\/interiumpro.cz\/wp-content\/uploads\/2024\/10\/navrh-koupelny-s-vanou-6.jpg\" class=\"attachment-full size-full wp-image-19833\" alt=\"navrh koupelny\" srcset=\"https:\/\/interiumpro.cz\/wp-content\/uploads\/2024\/10\/navrh-koupelny-s-vanou-6.jpg 1000w, https:\/\/interiumpro.cz\/wp-content\/uploads\/2024\/10\/navrh-koupelny-s-vanou-6-300x243.jpg 300w, https:\/\/interiumpro.cz\/wp-content\/uploads\/2024\/10\/navrh-koupelny-s-vanou-6-768x623.jpg 768w\" sizes=\"(max-width: 1000px) 100vw, 1000px\" \/>\t\t\t\t\t\t\t\t<\/a>\n\t\t\t\t\t\t\t\t\t\t\t\t\t\t\t<\/div>\n\t\t\t\t<\/div>\n\t\t\t\t<div class=\"elementor-element elementor-element-7ab42746 elementor-widget elementor-widget-image\" data-id=\"7ab42746\" data-element_type=\"widget\" data-e-type=\"widget\" data-widget_type=\"image.default\">\n\t\t\t\t<div class=\"elementor-widget-container\">\n\t\t\t\t\t\t\t\t\t\t\t\t\t\t\t\t<a href=\"https:\/\/interiumpro.cz\/wp-content\/uploads\/2024\/10\/navrh-koupelny-s-vanou-3.jpg\" data-elementor-open-lightbox=\"yes\" data-e-action-hash=\"#elementor-action%3Aaction%3Dlightbox%26settings%3DeyJpZCI6MTk4MjQsInVybCI6Imh0dHBzOlwvXC9pbnRlcml1bXByby5jelwvd3AtY29udGVudFwvdXBsb2Fkc1wvMjAyNFwvMTBcL25hdnJoLWtvdXBlbG55LXMtdmFub3UtMy5qcGcifQ%3D%3D\">\n\t\t\t\t\t\t\t<img decoding=\"async\" width=\"1000\" height=\"640\" src=\"https:\/\/interiumpro.cz\/wp-content\/uploads\/2024\/10\/navrh-koupelny-s-vanou-3.jpg\" class=\"attachment-full size-full wp-image-19824\" alt=\"navrh koupelny\" srcset=\"https:\/\/interiumpro.cz\/wp-content\/uploads\/2024\/10\/navrh-koupelny-s-vanou-3.jpg 1000w, https:\/\/interiumpro.cz\/wp-content\/uploads\/2024\/10\/navrh-koupelny-s-vanou-3-300x192.jpg 300w, https:\/\/interiumpro.cz\/wp-content\/uploads\/2024\/10\/navrh-koupelny-s-vanou-3-768x492.jpg 768w\" sizes=\"(max-width: 1000px) 100vw, 1000px\" \/>\t\t\t\t\t\t\t\t<\/a>\n\t\t\t\t\t\t\t\t\t\t\t\t\t\t\t<\/div>\n\t\t\t\t<\/div>\n\t\t\t\t<div class=\"elementor-element elementor-element-194965c9 elementor-widget elementor-widget-image\" data-id=\"194965c9\" data-element_type=\"widget\" data-e-type=\"widget\" data-widget_type=\"image.default\">\n\t\t\t\t<div class=\"elementor-widget-container\">\n\t\t\t\t\t\t\t\t\t\t\t\t\t\t\t\t<a href=\"https:\/\/interiumpro.cz\/wp-content\/uploads\/2024\/10\/navrh-koupelny-s-vanou-7.jpg\" data-elementor-open-lightbox=\"yes\" data-e-action-hash=\"#elementor-action%3Aaction%3Dlightbox%26settings%3DeyJpZCI6MTk4MzYsInVybCI6Imh0dHBzOlwvXC9pbnRlcml1bXByby5jelwvd3AtY29udGVudFwvdXBsb2Fkc1wvMjAyNFwvMTBcL25hdnJoLWtvdXBlbG55LXMtdmFub3UtNy5qcGcifQ%3D%3D\">\n\t\t\t\t\t\t\t<img decoding=\"async\" width=\"1000\" height=\"505\" src=\"https:\/\/interiumpro.cz\/wp-content\/uploads\/2024\/10\/navrh-koupelny-s-vanou-7.jpg\" class=\"attachment-full size-full wp-image-19836\" alt=\"navrh koupelny\" srcset=\"https:\/\/interiumpro.cz\/wp-content\/uploads\/2024\/10\/navrh-koupelny-s-vanou-7.jpg 1000w, https:\/\/interiumpro.cz\/wp-content\/uploads\/2024\/10\/navrh-koupelny-s-vanou-7-300x152.jpg 300w, https:\/\/interiumpro.cz\/wp-content\/uploads\/2024\/10\/navrh-koupelny-s-vanou-7-768x388.jpg 768w\" sizes=\"(max-width: 1000px) 100vw, 1000px\" \/>\t\t\t\t\t\t\t\t<\/a>\n\t\t\t\t\t\t\t\t\t\t\t\t\t\t\t<\/div>\n\t\t\t\t<\/div>\n\t\t\t\t<div class=\"elementor-element elementor-element-291111e2 elementor-widget elementor-widget-image\" data-id=\"291111e2\" data-element_type=\"widget\" data-e-type=\"widget\" data-widget_type=\"image.default\">\n\t\t\t\t<div class=\"elementor-widget-container\">\n\t\t\t\t\t\t\t\t\t\t\t\t\t\t\t\t<a href=\"https:\/\/interiumpro.cz\/wp-content\/uploads\/2024\/10\/navrh-koupelny-s-vanou-5.jpg\" data-elementor-open-lightbox=\"yes\" data-e-action-hash=\"#elementor-action%3Aaction%3Dlightbox%26settings%3DeyJpZCI6MTk4MzAsInVybCI6Imh0dHBzOlwvXC9pbnRlcml1bXByby5jelwvd3AtY29udGVudFwvdXBsb2Fkc1wvMjAyNFwvMTBcL25hdnJoLWtvdXBlbG55LXMtdmFub3UtNS5qcGcifQ%3D%3D\">\n\t\t\t\t\t\t\t<img loading=\"lazy\" decoding=\"async\" width=\"1000\" height=\"747\" src=\"https:\/\/interiumpro.cz\/wp-content\/uploads\/2024\/10\/navrh-koupelny-s-vanou-5.jpg\" class=\"attachment-full size-full wp-image-19830\" alt=\"navrh koupelny\" srcset=\"https:\/\/interiumpro.cz\/wp-content\/uploads\/2024\/10\/navrh-koupelny-s-vanou-5.jpg 1000w, https:\/\/interiumpro.cz\/wp-content\/uploads\/2024\/10\/navrh-koupelny-s-vanou-5-300x224.jpg 300w, https:\/\/interiumpro.cz\/wp-content\/uploads\/2024\/10\/navrh-koupelny-s-vanou-5-768x574.jpg 768w\" sizes=\"(max-width: 1000px) 100vw, 1000px\" \/>\t\t\t\t\t\t\t\t<\/a>\n\t\t\t\t\t\t\t\t\t\t\t\t\t\t\t<\/div>\n\t\t\t\t<\/div>\n\t\t\t\t<div class=\"elementor-element elementor-element-61914980 elementor-widget elementor-widget-image\" data-id=\"61914980\" data-element_type=\"widget\" data-e-type=\"widget\" data-widget_type=\"image.default\">\n\t\t\t\t<div class=\"elementor-widget-container\">\n\t\t\t\t\t\t\t\t\t\t\t\t<figure class=\"wp-caption\">\n\t\t\t\t\t\t\t\t\t\t\t<a href=\"https:\/\/interiumpro.cz\/wp-content\/uploads\/2024\/10\/navrh-koupelny-s-vanou-4.jpg\" data-elementor-open-lightbox=\"yes\" data-e-action-hash=\"#elementor-action%3Aaction%3Dlightbox%26settings%3DeyJpZCI6MTk4MjcsInVybCI6Imh0dHBzOlwvXC9pbnRlcml1bXByby5jelwvd3AtY29udGVudFwvdXBsb2Fkc1wvMjAyNFwvMTBcL25hdnJoLWtvdXBlbG55LXMtdmFub3UtNC5qcGcifQ%3D%3D\">\n\t\t\t\t\t\t\t<img loading=\"lazy\" decoding=\"async\" width=\"1000\" height=\"760\" src=\"https:\/\/interiumpro.cz\/wp-content\/uploads\/2024\/10\/navrh-koupelny-s-vanou-4.jpg\" class=\"attachment-full size-full wp-image-19827\" alt=\"navrh koupelny\" srcset=\"https:\/\/interiumpro.cz\/wp-content\/uploads\/2024\/10\/navrh-koupelny-s-vanou-4.jpg 1000w, https:\/\/interiumpro.cz\/wp-content\/uploads\/2024\/10\/navrh-koupelny-s-vanou-4-300x228.jpg 300w, https:\/\/interiumpro.cz\/wp-content\/uploads\/2024\/10\/navrh-koupelny-s-vanou-4-768x584.jpg 768w\" sizes=\"(max-width: 1000px) 100vw, 1000px\" \/>\t\t\t\t\t\t\t\t<\/a>\n\t\t\t\t\t\t\t\t\t\t\t<figcaption class=\"widget-image-caption wp-caption-text\"><\/figcaption>\n\t\t\t\t\t\t\t\t\t\t<\/figure>\n\t\t\t\t\t\t\t\t\t<\/div>\n\t\t\t\t<\/div>\n\t\t\t\t<div class=\"elementor-element elementor-element-1971aca elementor-widget elementor-widget-image\" data-id=\"1971aca\" data-element_type=\"widget\" data-e-type=\"widget\" data-widget_type=\"image.default\">\n\t\t\t\t<div class=\"elementor-widget-container\">\n\t\t\t\t\t\t\t\t\t\t\t\t<figure class=\"wp-caption\">\n\t\t\t\t\t\t\t\t\t\t\t<a href=\"https:\/\/interiumpro.cz\/wp-content\/uploads\/2024\/10\/navrh-koupelny-s-vanou-8.jpg\" data-elementor-open-lightbox=\"yes\" data-e-action-hash=\"#elementor-action%3Aaction%3Dlightbox%26settings%3DeyJpZCI6MTk4MzksInVybCI6Imh0dHBzOlwvXC9pbnRlcml1bXByby5jelwvd3AtY29udGVudFwvdXBsb2Fkc1wvMjAyNFwvMTBcL25hdnJoLWtvdXBlbG55LXMtdmFub3UtOC5qcGcifQ%3D%3D\">\n\t\t\t\t\t\t\t<img loading=\"lazy\" decoding=\"async\" width=\"1000\" height=\"628\" src=\"https:\/\/interiumpro.cz\/wp-content\/uploads\/2024\/10\/navrh-koupelny-s-vanou-8.jpg\" class=\"attachment-full size-full wp-image-19839\" alt=\"navrh koupelny\" srcset=\"https:\/\/interiumpro.cz\/wp-content\/uploads\/2024\/10\/navrh-koupelny-s-vanou-8.jpg 1000w, https:\/\/interiumpro.cz\/wp-content\/uploads\/2024\/10\/navrh-koupelny-s-vanou-8-300x188.jpg 300w, https:\/\/interiumpro.cz\/wp-content\/uploads\/2024\/10\/navrh-koupelny-s-vanou-8-768x482.jpg 768w\" sizes=\"(max-width: 1000px) 100vw, 1000px\" \/>\t\t\t\t\t\t\t\t<\/a>\n\t\t\t\t\t\t\t\t\t\t\t<figcaption class=\"widget-image-caption wp-caption-text\"><\/figcaption>\n\t\t\t\t\t\t\t\t\t\t<\/figure>\n\t\t\t\t\t\t\t\t\t<\/div>\n\t\t\t\t<\/div>\n\t\t\t\t\t<\/div>\n\t\t<\/div>\n\t\t\t\t<div class=\"elementor-column elementor-col-33 elementor-top-column elementor-element elementor-element-1feb7824\" data-id=\"1feb7824\" data-element_type=\"column\" data-e-type=\"column\" data-settings=\"{&quot;motion_fx_motion_fx_scrolling&quot;:&quot;yes&quot;,&quot;motion_fx_devices&quot;:[&quot;desktop&quot;,&quot;tablet&quot;,&quot;mobile&quot;]}\">\n\t\t\t<div class=\"elementor-widget-wrap elementor-element-populated\">\n\t\t\t\t\t\t<div class=\"elementor-element elementor-element-725f96ba elementor-widget elementor-widget-heading\" data-id=\"725f96ba\" data-element_type=\"widget\" data-e-type=\"widget\" data-widget_type=\"heading.default\">\n\t\t\t\t<div class=\"elementor-widget-container\">\n\t\t\t\t\t<h2 class=\"elementor-heading-title elementor-size-default\">Bathroom design with a bath for two people<\/h2>\t\t\t\t<\/div>\n\t\t\t\t<\/div>\n\t\t\t\t<div class=\"elementor-element elementor-element-7cbabdef elementor-widget elementor-widget-text-editor\" data-id=\"7cbabdef\" data-element_type=\"widget\" data-e-type=\"widget\" data-widget_type=\"text-editor.default\">\n\t\t\t\t<div class=\"elementor-widget-container\">\n\t\t\t\t\t\t\t\t\t<p>The design of the bathroom in the family house in a modern style emphasizes functionality and comfort with sophisticated design. The combination of grey tiles, natural oak and metal elements gives the space an elegant look. The colour palette of dark grey, white and anthracite creates a harmonious and calming impression.  <\/p>\n<p>The bathroom offers relaxation for two, with a bathtub for two, above which is decorative lighting in the style of the starry sky. Decorative bamboo next to the tub adds a natural accent. <\/p>\n<p>For practical use, there are two sinks and a large mirror that increases the space. Clever technology offers ease of use, while easily accessible storage and with a washer and dryer ensuring tidiness and cleanliness. This design from an interior designer delivers a modern and functional solution that any interior designer will appreciate when creating bathroom designs.  <\/p>\n\t\t\t\t\t\t\t\t<\/div>\n\t\t\t\t<\/div>\n\t\t\t\t<div class=\"elementor-element elementor-element-1e93faa5 elementor-widget elementor-widget-heading\" data-id=\"1e93faa5\" data-element_type=\"widget\" data-e-type=\"widget\" data-widget_type=\"heading.default\">\n\t\t\t\t<div class=\"elementor-widget-container\">\n\t\t\t\t\t<h2 class=\"elementor-heading-title elementor-size-default\">What can we offer you?<\/h2>\t\t\t\t<\/div>\n\t\t\t\t<\/div>\n\t\t\t\t<div class=\"elementor-element elementor-element-78ee7bc0 elementor-widget__width-initial elementor-widget elementor-widget-global elementor-global-19304 elementor-global-19080 elementor-widget-text-editor\" data-id=\"78ee7bc0\" data-element_type=\"widget\" data-e-type=\"widget\" data-widget_type=\"text-editor.default\">\n\t\t\t\t<div class=\"elementor-widget-container\">\n\t\t\t\t\t\t\t\t\t<p>Our <a href=\"https:\/\/interiumpro.cz\/en\/about-us\/\">interior designers<\/a> will create a home exactly to your liking &#8211; from the complete interior to individual rooms such as the living room, kitchen, children&#8217;s room, study or bedroom.<\/p><p>Is this a renovation or a new build? We will take care of <a href=\"https:\/\/interiumpro.cz\/blog-o-interierovem-designu\/autorsky-dohled-nad-realizaci-interieru\/\">the interior design<\/a>, production documents, organization, purchasing and supervision of craftsmen. <\/p><p>If you want, we can take the entire interior realization into our own hands and complete it in accordance with the project with an emphasis on quality and reliability.<\/p>\t\t\t\t\t\t\t\t<\/div>\n\t\t\t\t<\/div>\n\t\t\t\t\t<\/div>\n\t\t<\/div>\n\t\t\t\t\t<\/div>\n\t\t<\/section>\n\t\t\t\t<section class=\"elementor-section elementor-top-section elementor-element elementor-element-6816987c elementor-section-stretched elementor-reverse-mobile elementor-section-boxed elementor-section-height-default elementor-section-height-default\" data-id=\"6816987c\" data-element_type=\"section\" data-e-type=\"section\" data-settings=\"{&quot;stretch_section&quot;:&quot;section-stretched&quot;}\">\n\t\t\t\t\t\t<div class=\"elementor-container elementor-column-gap-wide\">\n\t\t\t\t\t<div class=\"elementor-column elementor-col-100 elementor-top-column elementor-element elementor-element-3b44f203\" data-id=\"3b44f203\" data-element_type=\"column\" data-e-type=\"column\">\n\t\t\t<div class=\"elementor-widget-wrap elementor-element-populated\">\n\t\t\t\t\t\t<div class=\"elementor-element elementor-element-15ea6ee4 elementor-widget elementor-widget-heading\" data-id=\"15ea6ee4\" data-element_type=\"widget\" data-e-type=\"widget\" data-widget_type=\"heading.default\">\n\t\t\t\t<div class=\"elementor-widget-container\">\n\t\t\t\t\t<h2 class=\"elementor-heading-title elementor-size-default\">Check out our latest projects<\/h2>\t\t\t\t<\/div>\n\t\t\t\t<\/div>\n\t\t\t\t\t<\/div>\n\t\t<\/div>\n\t\t\t\t\t<\/div>\n\t\t<\/section>\n\t\t\t\t<section class=\"elementor-section elementor-top-section elementor-element elementor-element-61a312a0 elementor-section-stretched elementor-section-boxed elementor-section-height-default elementor-section-height-default\" data-id=\"61a312a0\" data-element_type=\"section\" data-e-type=\"section\" data-settings=\"{&quot;stretch_section&quot;:&quot;section-stretched&quot;}\">\n\t\t\t\t\t\t<div class=\"elementor-container elementor-column-gap-default\">\n\t\t\t\t\t<div class=\"elementor-column elementor-col-100 elementor-top-column elementor-element elementor-element-46305645\" data-id=\"46305645\" data-element_type=\"column\" data-e-type=\"column\">\n\t\t\t<div class=\"elementor-widget-wrap elementor-element-populated\">\n\t\t\t\t\t\t<div class=\"elementor-element elementor-element-69e555b elementor-grid-4 elementor-posts--thumbnail-top elementor-grid-tablet-2 elementor-grid-mobile-1 elementor-widget elementor-widget-posts\" data-id=\"69e555b\" data-element_type=\"widget\" data-e-type=\"widget\" data-settings=\"{&quot;custom_columns&quot;:&quot;4&quot;,&quot;custom_row_gap&quot;:{&quot;unit&quot;:&quot;px&quot;,&quot;size&quot;:15,&quot;sizes&quot;:[]},&quot;custom_columns_tablet&quot;:&quot;2&quot;,&quot;custom_columns_mobile&quot;:&quot;1&quot;,&quot;custom_row_gap_tablet&quot;:{&quot;unit&quot;:&quot;px&quot;,&quot;size&quot;:&quot;&quot;,&quot;sizes&quot;:[]},&quot;custom_row_gap_mobile&quot;:{&quot;unit&quot;:&quot;px&quot;,&quot;size&quot;:&quot;&quot;,&quot;sizes&quot;:[]}}\" data-widget_type=\"posts.custom\">\n\t\t\t\t<div class=\"elementor-widget-container\">\n\t\t\t\t\t      <div class=\"ecs-posts elementor-posts-container elementor-posts   elementor-grid elementor-posts--skin-custom\" data-settings=\"{&quot;current_page&quot;:1,&quot;max_num_pages&quot;:0,&quot;load_method&quot;:&quot;loadmore&quot;,&quot;widget_id&quot;:&quot;69e555b&quot;,&quot;post_id&quot;:20770,&quot;theme_id&quot;:20770,&quot;change_url&quot;:false,&quot;reinit_js&quot;:false}\">\n      <div class=\"elementor-posts-nothing-found\"><\/div>\t\t<\/div>\n\t\t\t\t\t\t<\/div>\n\t\t\t\t<\/div>\n\t\t\t\t\t<\/div>\n\t\t<\/div>\n\t\t\t\t\t<\/div>\n\t\t<\/section>\n\t\t\t\t<\/div>\n\t\t","protected":false},"excerpt":{"rendered":"<p>For relaxation for two, decorative lighting in the style of the starry sky is installed above the two-person bathtub, while decorative bamboo next to the tub adds a natural element.<\/p>\n","protected":false},"author":1,"featured_media":19845,"comment_status":"closed","ping_status":"open","sticky":false,"template":"","format":"standard","meta":{"footnotes":""},"categories":[122],"tags":[],"class_list":["post-20770","post","type-post","status-publish","format-standard","has-post-thumbnail","hentry","category-bathroom-interior-design"],"yoast_head":"<!-- This site is optimized with the Yoast SEO Premium plugin v27.4 (Yoast SEO v27.4) - https:\/\/yoast.com\/product\/yoast-seo-premium-wordpress\/ -->\n<title>Bathroom with bath for two - design &#8211; Interior Design<\/title>\n<meta name=\"description\" content=\"For relaxation for two, a decorative starry sky-style lighting is installed above the two-person bathtub and a decorative bamboo next to the bathtub.\" \/>\n<meta name=\"robots\" content=\"index, follow, max-snippet:-1, max-image-preview:large, max-video-preview:-1\" \/>\n<link rel=\"canonical\" href=\"https:\/\/interiumpro.cz\/en\/bathroom-interior-design\/bathroom-for-two\/\" \/>\n<meta property=\"og:locale\" content=\"en_US\" \/>\n<meta property=\"og:type\" content=\"article\" \/>\n<meta property=\"og:title\" content=\"Bathroom with bath for two - design\" \/>\n<meta property=\"og:description\" content=\"For relaxation for two, a decorative starry sky-style lighting is installed above the two-person bathtub and a decorative bamboo next to the bathtub.\" \/>\n<meta property=\"og:url\" content=\"https:\/\/interiumpro.cz\/en\/bathroom-interior-design\/bathroom-for-two\/\" \/>\n<meta property=\"og:site_name\" content=\"Interior Design\" \/>\n<meta property=\"article:publisher\" content=\"https:\/\/www.facebook.com\/interiumpro.cz\/\" \/>\n<meta property=\"article:published_time\" content=\"2024-12-06T12:33:37+00:00\" \/>\n<meta property=\"article:modified_time\" content=\"2024-12-06T12:33:39+00:00\" \/>\n<meta property=\"og:image\" content=\"https:\/\/interiumpro.cz\/wp-content\/uploads\/2024\/10\/navrh-koupelny-s-vanou-1.jpg\" \/>\n\t<meta property=\"og:image:width\" content=\"600\" \/>\n\t<meta property=\"og:image:height\" content=\"513\" \/>\n\t<meta property=\"og:image:type\" content=\"image\/jpeg\" \/>\n<meta name=\"author\" content=\"intadmin\" \/>\n<meta name=\"twitter:card\" content=\"summary_large_image\" \/>\n<meta name=\"twitter:label1\" content=\"Written by\" \/>\n\t<meta name=\"twitter:data1\" content=\"intadmin\" \/>\n\t<meta name=\"twitter:label2\" content=\"Est. reading time\" \/>\n\t<meta name=\"twitter:data2\" content=\"1 minute\" \/>\n<script type=\"application\/ld+json\" class=\"yoast-schema-graph\">{\"@context\":\"https:\\\/\\\/schema.org\",\"@graph\":[{\"@type\":\"Article\",\"@id\":\"https:\\\/\\\/interiumpro.cz\\\/en\\\/bathroom-interior-design\\\/bathroom-for-two\\\/#article\",\"isPartOf\":{\"@id\":\"https:\\\/\\\/interiumpro.cz\\\/en\\\/bathroom-interior-design\\\/bathroom-for-two\\\/\"},\"author\":{\"name\":\"intadmin\",\"@id\":\"https:\\\/\\\/interiumpro.cz\\\/en\\\/#\\\/schema\\\/person\\\/873c9dcbf5578b6966ddbab211176470\"},\"headline\":\"Bathroom with bath for two &#8211; design\",\"datePublished\":\"2024-12-06T12:33:37+00:00\",\"dateModified\":\"2024-12-06T12:33:39+00:00\",\"mainEntityOfPage\":{\"@id\":\"https:\\\/\\\/interiumpro.cz\\\/en\\\/bathroom-interior-design\\\/bathroom-for-two\\\/\"},\"wordCount\":261,\"publisher\":{\"@id\":\"https:\\\/\\\/interiumpro.cz\\\/en\\\/#organization\"},\"image\":{\"@id\":\"https:\\\/\\\/interiumpro.cz\\\/en\\\/bathroom-interior-design\\\/bathroom-for-two\\\/#primaryimage\"},\"thumbnailUrl\":\"https:\\\/\\\/interiumpro.cz\\\/wp-content\\\/uploads\\\/2024\\\/10\\\/navrh-koupelny-s-vanou-1.jpg\",\"articleSection\":[\"Bathroom interior design\"],\"inLanguage\":\"en-US\"},{\"@type\":\"WebPage\",\"@id\":\"https:\\\/\\\/interiumpro.cz\\\/en\\\/bathroom-interior-design\\\/bathroom-for-two\\\/\",\"url\":\"https:\\\/\\\/interiumpro.cz\\\/en\\\/bathroom-interior-design\\\/bathroom-for-two\\\/\",\"name\":\"Bathroom with bath for two - design &#8211; Interior Design\",\"isPartOf\":{\"@id\":\"https:\\\/\\\/interiumpro.cz\\\/en\\\/#website\"},\"primaryImageOfPage\":{\"@id\":\"https:\\\/\\\/interiumpro.cz\\\/en\\\/bathroom-interior-design\\\/bathroom-for-two\\\/#primaryimage\"},\"image\":{\"@id\":\"https:\\\/\\\/interiumpro.cz\\\/en\\\/bathroom-interior-design\\\/bathroom-for-two\\\/#primaryimage\"},\"thumbnailUrl\":\"https:\\\/\\\/interiumpro.cz\\\/wp-content\\\/uploads\\\/2024\\\/10\\\/navrh-koupelny-s-vanou-1.jpg\",\"datePublished\":\"2024-12-06T12:33:37+00:00\",\"dateModified\":\"2024-12-06T12:33:39+00:00\",\"description\":\"For relaxation for two, a decorative starry sky-style lighting is installed above the two-person bathtub and a decorative bamboo next to the bathtub.\",\"breadcrumb\":{\"@id\":\"https:\\\/\\\/interiumpro.cz\\\/en\\\/bathroom-interior-design\\\/bathroom-for-two\\\/#breadcrumb\"},\"inLanguage\":\"en-US\",\"potentialAction\":[{\"@type\":\"ReadAction\",\"target\":[\"https:\\\/\\\/interiumpro.cz\\\/en\\\/bathroom-interior-design\\\/bathroom-for-two\\\/\"]}]},{\"@type\":\"ImageObject\",\"inLanguage\":\"en-US\",\"@id\":\"https:\\\/\\\/interiumpro.cz\\\/en\\\/bathroom-interior-design\\\/bathroom-for-two\\\/#primaryimage\",\"url\":\"https:\\\/\\\/interiumpro.cz\\\/wp-content\\\/uploads\\\/2024\\\/10\\\/navrh-koupelny-s-vanou-1.jpg\",\"contentUrl\":\"https:\\\/\\\/interiumpro.cz\\\/wp-content\\\/uploads\\\/2024\\\/10\\\/navrh-koupelny-s-vanou-1.jpg\",\"width\":600,\"height\":513,\"caption\":\"navrh koupelny\"},{\"@type\":\"BreadcrumbList\",\"@id\":\"https:\\\/\\\/interiumpro.cz\\\/en\\\/bathroom-interior-design\\\/bathroom-for-two\\\/#breadcrumb\",\"itemListElement\":[{\"@type\":\"ListItem\",\"position\":1,\"name\":\"Dom\u016f\",\"item\":\"https:\\\/\\\/interiumpro.cz\\\/en\\\/\"},{\"@type\":\"ListItem\",\"position\":2,\"name\":\"Uncategorized\",\"item\":\"https:\\\/\\\/interiumpro.cz\\\/en\\\/navrhy-interieru\\\/uncategorized\\\/\"},{\"@type\":\"ListItem\",\"position\":3,\"name\":\"Bathroom with bath for two &#8211; design\"}]},{\"@type\":\"WebSite\",\"@id\":\"https:\\\/\\\/interiumpro.cz\\\/en\\\/#website\",\"url\":\"https:\\\/\\\/interiumpro.cz\\\/en\\\/\",\"name\":\"Interium N\u00e1vrhy Interi\u00e9r\u016f\",\"description\":\"Interium - Praha\",\"publisher\":{\"@id\":\"https:\\\/\\\/interiumpro.cz\\\/en\\\/#organization\"},\"alternateName\":\"N\u00e1vrhy Interi\u00e9r\u016f\",\"potentialAction\":[{\"@type\":\"SearchAction\",\"target\":{\"@type\":\"EntryPoint\",\"urlTemplate\":\"https:\\\/\\\/interiumpro.cz\\\/en\\\/?s={search_term_string}\"},\"query-input\":{\"@type\":\"PropertyValueSpecification\",\"valueRequired\":true,\"valueName\":\"search_term_string\"}}],\"inLanguage\":\"en-US\"},{\"@type\":\"Organization\",\"@id\":\"https:\\\/\\\/interiumpro.cz\\\/en\\\/#organization\",\"name\":\"InteriumPro N\u00e1vrhy Interi\u00e9r\u016f\",\"alternateName\":\"N\u00e1vrhy Interi\u00e9r\u016f\",\"url\":\"https:\\\/\\\/interiumpro.cz\\\/en\\\/\",\"logo\":{\"@type\":\"ImageObject\",\"inLanguage\":\"en-US\",\"@id\":\"https:\\\/\\\/interiumpro.cz\\\/en\\\/#\\\/schema\\\/logo\\\/image\\\/\",\"url\":\"https:\\\/\\\/interiumpro.cz\\\/wp-content\\\/uploads\\\/2020\\\/04\\\/cropped-logo-interium14-1024x292-1.png\",\"contentUrl\":\"https:\\\/\\\/interiumpro.cz\\\/wp-content\\\/uploads\\\/2020\\\/04\\\/cropped-logo-interium14-1024x292-1.png\",\"width\":1022,\"height\":292,\"caption\":\"InteriumPro N\u00e1vrhy Interi\u00e9r\u016f\"},\"image\":{\"@id\":\"https:\\\/\\\/interiumpro.cz\\\/en\\\/#\\\/schema\\\/logo\\\/image\\\/\"},\"sameAs\":[\"https:\\\/\\\/www.facebook.com\\\/interiumpro.cz\\\/\"]},{\"@type\":\"Person\",\"@id\":\"https:\\\/\\\/interiumpro.cz\\\/en\\\/#\\\/schema\\\/person\\\/873c9dcbf5578b6966ddbab211176470\",\"name\":\"intadmin\"}]}<\/script>\n<!-- \/ Yoast SEO Premium plugin. -->","yoast_head_json":{"title":"Bathroom with bath for two - design &#8211; Interior Design","description":"For relaxation for two, a decorative starry sky-style lighting is installed above the two-person bathtub and a decorative bamboo next to the bathtub.","robots":{"index":"index","follow":"follow","max-snippet":"max-snippet:-1","max-image-preview":"max-image-preview:large","max-video-preview":"max-video-preview:-1"},"canonical":"https:\/\/interiumpro.cz\/en\/bathroom-interior-design\/bathroom-for-two\/","og_locale":"en_US","og_type":"article","og_title":"Bathroom with bath for two - design","og_description":"For relaxation for two, a decorative starry sky-style lighting is installed above the two-person bathtub and a decorative bamboo next to the bathtub.","og_url":"https:\/\/interiumpro.cz\/en\/bathroom-interior-design\/bathroom-for-two\/","og_site_name":"Interior Design","article_publisher":"https:\/\/www.facebook.com\/interiumpro.cz\/","article_published_time":"2024-12-06T12:33:37+00:00","article_modified_time":"2024-12-06T12:33:39+00:00","og_image":[{"width":600,"height":513,"url":"https:\/\/interiumpro.cz\/wp-content\/uploads\/2024\/10\/navrh-koupelny-s-vanou-1.jpg","type":"image\/jpeg"}],"author":"intadmin","twitter_card":"summary_large_image","twitter_misc":{"Written by":"intadmin","Est. reading time":"1 minute"},"schema":{"@context":"https:\/\/schema.org","@graph":[{"@type":"Article","@id":"https:\/\/interiumpro.cz\/en\/bathroom-interior-design\/bathroom-for-two\/#article","isPartOf":{"@id":"https:\/\/interiumpro.cz\/en\/bathroom-interior-design\/bathroom-for-two\/"},"author":{"name":"intadmin","@id":"https:\/\/interiumpro.cz\/en\/#\/schema\/person\/873c9dcbf5578b6966ddbab211176470"},"headline":"Bathroom with bath for two &#8211; design","datePublished":"2024-12-06T12:33:37+00:00","dateModified":"2024-12-06T12:33:39+00:00","mainEntityOfPage":{"@id":"https:\/\/interiumpro.cz\/en\/bathroom-interior-design\/bathroom-for-two\/"},"wordCount":261,"publisher":{"@id":"https:\/\/interiumpro.cz\/en\/#organization"},"image":{"@id":"https:\/\/interiumpro.cz\/en\/bathroom-interior-design\/bathroom-for-two\/#primaryimage"},"thumbnailUrl":"https:\/\/interiumpro.cz\/wp-content\/uploads\/2024\/10\/navrh-koupelny-s-vanou-1.jpg","articleSection":["Bathroom interior design"],"inLanguage":"en-US"},{"@type":"WebPage","@id":"https:\/\/interiumpro.cz\/en\/bathroom-interior-design\/bathroom-for-two\/","url":"https:\/\/interiumpro.cz\/en\/bathroom-interior-design\/bathroom-for-two\/","name":"Bathroom with bath for two - design &#8211; Interior Design","isPartOf":{"@id":"https:\/\/interiumpro.cz\/en\/#website"},"primaryImageOfPage":{"@id":"https:\/\/interiumpro.cz\/en\/bathroom-interior-design\/bathroom-for-two\/#primaryimage"},"image":{"@id":"https:\/\/interiumpro.cz\/en\/bathroom-interior-design\/bathroom-for-two\/#primaryimage"},"thumbnailUrl":"https:\/\/interiumpro.cz\/wp-content\/uploads\/2024\/10\/navrh-koupelny-s-vanou-1.jpg","datePublished":"2024-12-06T12:33:37+00:00","dateModified":"2024-12-06T12:33:39+00:00","description":"For relaxation for two, a decorative starry sky-style lighting is installed above the two-person bathtub and a decorative bamboo next to the bathtub.","breadcrumb":{"@id":"https:\/\/interiumpro.cz\/en\/bathroom-interior-design\/bathroom-for-two\/#breadcrumb"},"inLanguage":"en-US","potentialAction":[{"@type":"ReadAction","target":["https:\/\/interiumpro.cz\/en\/bathroom-interior-design\/bathroom-for-two\/"]}]},{"@type":"ImageObject","inLanguage":"en-US","@id":"https:\/\/interiumpro.cz\/en\/bathroom-interior-design\/bathroom-for-two\/#primaryimage","url":"https:\/\/interiumpro.cz\/wp-content\/uploads\/2024\/10\/navrh-koupelny-s-vanou-1.jpg","contentUrl":"https:\/\/interiumpro.cz\/wp-content\/uploads\/2024\/10\/navrh-koupelny-s-vanou-1.jpg","width":600,"height":513,"caption":"navrh koupelny"},{"@type":"BreadcrumbList","@id":"https:\/\/interiumpro.cz\/en\/bathroom-interior-design\/bathroom-for-two\/#breadcrumb","itemListElement":[{"@type":"ListItem","position":1,"name":"Dom\u016f","item":"https:\/\/interiumpro.cz\/en\/"},{"@type":"ListItem","position":2,"name":"Uncategorized","item":"https:\/\/interiumpro.cz\/en\/navrhy-interieru\/uncategorized\/"},{"@type":"ListItem","position":3,"name":"Bathroom with bath for two &#8211; design"}]},{"@type":"WebSite","@id":"https:\/\/interiumpro.cz\/en\/#website","url":"https:\/\/interiumpro.cz\/en\/","name":"Interium N\u00e1vrhy Interi\u00e9r\u016f","description":"Interium - Praha","publisher":{"@id":"https:\/\/interiumpro.cz\/en\/#organization"},"alternateName":"N\u00e1vrhy Interi\u00e9r\u016f","potentialAction":[{"@type":"SearchAction","target":{"@type":"EntryPoint","urlTemplate":"https:\/\/interiumpro.cz\/en\/?s={search_term_string}"},"query-input":{"@type":"PropertyValueSpecification","valueRequired":true,"valueName":"search_term_string"}}],"inLanguage":"en-US"},{"@type":"Organization","@id":"https:\/\/interiumpro.cz\/en\/#organization","name":"InteriumPro N\u00e1vrhy Interi\u00e9r\u016f","alternateName":"N\u00e1vrhy Interi\u00e9r\u016f","url":"https:\/\/interiumpro.cz\/en\/","logo":{"@type":"ImageObject","inLanguage":"en-US","@id":"https:\/\/interiumpro.cz\/en\/#\/schema\/logo\/image\/","url":"https:\/\/interiumpro.cz\/wp-content\/uploads\/2020\/04\/cropped-logo-interium14-1024x292-1.png","contentUrl":"https:\/\/interiumpro.cz\/wp-content\/uploads\/2020\/04\/cropped-logo-interium14-1024x292-1.png","width":1022,"height":292,"caption":"InteriumPro N\u00e1vrhy Interi\u00e9r\u016f"},"image":{"@id":"https:\/\/interiumpro.cz\/en\/#\/schema\/logo\/image\/"},"sameAs":["https:\/\/www.facebook.com\/interiumpro.cz\/"]},{"@type":"Person","@id":"https:\/\/interiumpro.cz\/en\/#\/schema\/person\/873c9dcbf5578b6966ddbab211176470","name":"intadmin"}]}},"_links":{"self":[{"href":"https:\/\/interiumpro.cz\/en\/wp-json\/wp\/v2\/posts\/20770","targetHints":{"allow":["GET"]}}],"collection":[{"href":"https:\/\/interiumpro.cz\/en\/wp-json\/wp\/v2\/posts"}],"about":[{"href":"https:\/\/interiumpro.cz\/en\/wp-json\/wp\/v2\/types\/post"}],"author":[{"embeddable":true,"href":"https:\/\/interiumpro.cz\/en\/wp-json\/wp\/v2\/users\/1"}],"replies":[{"embeddable":true,"href":"https:\/\/interiumpro.cz\/en\/wp-json\/wp\/v2\/comments?post=20770"}],"version-history":[{"count":0,"href":"https:\/\/interiumpro.cz\/en\/wp-json\/wp\/v2\/posts\/20770\/revisions"}],"wp:featuredmedia":[{"embeddable":true,"href":"https:\/\/interiumpro.cz\/en\/wp-json\/wp\/v2\/media\/19845"}],"wp:attachment":[{"href":"https:\/\/interiumpro.cz\/en\/wp-json\/wp\/v2\/media?parent=20770"}],"wp:term":[{"taxonomy":"category","embeddable":true,"href":"https:\/\/interiumpro.cz\/en\/wp-json\/wp\/v2\/categories?post=20770"},{"taxonomy":"post_tag","embeddable":true,"href":"https:\/\/interiumpro.cz\/en\/wp-json\/wp\/v2\/tags?post=20770"}],"curies":[{"name":"wp","href":"https:\/\/api.w.org\/{rel}","templated":true}]}}